{"id":37059,"date":"2016-01-22T19:19:15","date_gmt":"2016-01-22T17:19:15","guid":{"rendered":"http:\/\/www.sana.sy\/es\/?p=37059"},"modified":"2016-01-22T19:21:35","modified_gmt":"2016-01-22T17:21:35","slug":"al-laham-destaca-la-relacion-historica-entre-siria-e-iraq","status":"publish","type":"post","link":"https:\/\/archive.sana.sy\/es\/?p=37059","title":{"rendered":"Al-Laham destaca la importancia de la relaci\u00f3n hist\u00f3rica entre Siria e Iraq"},"content":{"rendered":"<p style=\"text-align: justify\"><span style=\"color: #800000\">Bagdad, SANA<\/span>&#8211; El presidente de la Asamblea del Pueblo, Mohammad Jihad al-Laham destac\u00f3 la importancia de la cooperaci\u00f3n hist\u00f3rica entre Siria e Irak.<\/p>\n<p style=\"text-align: justify\">Al-Laham, dijo en una declaraci\u00f3n al corresponsal de SANA en Bagdad despu\u00e9s de su llegada a la capital iraqu\u00ed hoy, presidiendo una delegaci\u00f3n para participar en la und\u00e9cima reuni\u00f3n de la Uni\u00f3n Interparlamentaria de los Estados miembros de la Organizaci\u00f3n para la Cooperaci\u00f3n Isl\u00e1mica (OIC), &#8220;Irak ha comenzado a recuperarse y que el entendimiento mutuo y la cooperaci\u00f3n hist\u00f3rica entre ambos pa\u00edses siguen su curso a pesar de los tiempos dif\u00edciles que viven ambos pa\u00edses\u201d.<\/p>\n<p style=\"text-align: justify\">&#8220;Nuestra presencia hoy en Bagdad por invitaci\u00f3n del presidente del Parlamento iraqu\u00ed Salim al-Jubouri para asistir a la und\u00e9cima reuni\u00f3n de los Parlamentos de los Estados miembros de la Organizaci\u00f3n de Cooperaci\u00f3n Isl\u00e1mica, indica que Irak ha comenzado a restaurar su posici\u00f3n de liderazgo en la regi\u00f3n,&#8221; agreg\u00f3 el titular sirio.<\/p>\n<p style=\"text-align: justify\">En el mismo contexto, al-Laham llam\u00f3 a \u201cdesmantelar el papel destructivo\u201d de algunos estados del Golfo en el respaldo y el apoyo al terrorismo en la regi\u00f3n con el fin de dividirla y fragmentarla.<\/p>\n<p>M.Miri<\/p>\n","protected":false},"excerpt":{"rendered":"<p>Bagdad, SANA&#8211; El presidente de la Asamblea del Pueblo, Mohammad Jihad al-Laham destac\u00f3 la importancia de la cooperaci\u00f3n hist\u00f3rica entre Siria e Irak. Al-Laham, dijo en una declaraci\u00f3n al corresponsal de SANA en Bagdad despu\u00e9s de su llegada a la capital iraqu\u00ed hoy, presidiendo una delegaci\u00f3n para participar en la und\u00e9cima reuni\u00f3n de la Uni\u00f3n &hellip;<\/p>\n","protected":false},"author":1,"featured_media":37060,"comment_status":"closed","ping_status":"closed","sticky":false,"template":"","format":"standard","meta":{"footnotes":""},"categories":[456,457,7541],"tags":[7844],"class_list":["post-37059","post","type-post","status-publish","format-standard","has-post-thumbnail","","category-arabe-internacional-politica","category-noticias-arabe-internacional-politica","category-ultimas-noticias","tag-al-laham-destaca-la-relacion-historica-entre-siria-e-iraq"],"_links":{"self":[{"href":"https:\/\/archive.sana.sy\/es\/index.php?rest_route=\/wp\/v2\/posts\/37059"}],"collection":[{"href":"https:\/\/archive.sana.sy\/es\/index.php?rest_route=\/wp\/v2\/posts"}],"about":[{"href":"https:\/\/archive.sana.sy\/es\/index.php?rest_route=\/wp\/v2\/types\/post"}],"author":[{"embeddable":true,"href":"https:\/\/archive.sana.sy\/es\/index.php?rest_route=\/wp\/v2\/users\/1"}],"replies":[{"embeddable":true,"href":"https:\/\/archive.sana.sy\/es\/index.php?rest_route=%2Fwp%2Fv2%2Fcomments&post=37059"}],"version-history":[{"count":0,"href":"https:\/\/archive.sana.sy\/es\/index.php?rest_route=\/wp\/v2\/posts\/37059\/revisions"}],"wp:featuredmedia":[{"embeddable":true,"href":"https:\/\/archive.sana.sy\/es\/index.php?rest_route=\/wp\/v2\/media\/37060"}],"wp:attachment":[{"href":"https:\/\/archive.sana.sy\/es\/index.php?rest_route=%2Fwp%2Fv2%2Fmedia&parent=37059"}],"wp:term":[{"taxonomy":"category","embeddable":true,"href":"https:\/\/archive.sana.sy\/es\/index.php?rest_route=%2Fwp%2Fv2%2Fcategories&post=37059"},{"taxonomy":"post_tag","embeddable":true,"href":"https:\/\/archive.sana.sy\/es\/index.php?rest_route=%2Fwp%2Fv2%2Ftags&post=37059"}],"curies":[{"name":"wp","href":"https:\/\/api.w.org\/{rel}","templated":true}]}}