{"id":37070,"date":"2016-01-23T12:30:55","date_gmt":"2016-01-23T10:30:55","guid":{"rendered":"http:\/\/www.sana.sy\/es\/?p=37070"},"modified":"2016-01-23T13:32:26","modified_gmt":"2016-01-23T11:32:26","slug":"biden-critica-politicas-de-erdogan-de-intimidacion-y-represion-de-las-libertades","status":"publish","type":"post","link":"https:\/\/archive.sana.sy\/es\/?p=37070","title":{"rendered":"Biden critica pol\u00edticas de Erdogan de intimidaci\u00f3n y represi\u00f3n de las libertades"},"content":{"rendered":"<p><span style=\"color: #800000\">Estambul, SANA<\/span><\/p>\n<p>El vicepresidente estadounidense, Joe Biden, critic\u00f3 duramente la pol\u00edtica de intimidaci\u00f3n y restricci\u00f3n de las libertades, en particular la libertad de expresi\u00f3n, que persigue el presidente del r\u00e9gimen turco Recep Erdogan, particularmente su reciente feroz campa\u00f1a contra los acad\u00e9micos y los periodistas turcos.<\/p>\n<p>Durante una reuni\u00f3n con representantes de la sociedad civil turca, acad\u00e9micos, editores y periodistas, Biden dijo: &#8220;Cuando se est\u00e1 intimidando a los medios o se encarcelan periodistas y se acusa a m\u00e1s de mil acad\u00e9micos de traici\u00f3n \u200b\u200bs\u00f3lo porque han firmado una petici\u00f3n, todo esto no sirve de buen ejemplo&#8221;.<\/p>\n<p>Biden expres\u00f3 su descontento, en especial respecto a la detenci\u00f3n de los periodistas en el peri\u00f3dico Gmehoriet, desde hace dos meses por cargos de espionaje.<\/p>\n<p>&nbsp;<br \/>\nFady M., Lynn A.<\/p>\n","protected":false},"excerpt":{"rendered":"<p>Estambul, SANA El vicepresidente estadounidense, Joe Biden, critic\u00f3 duramente la pol\u00edtica de intimidaci\u00f3n y restricci\u00f3n de las libertades, en particular la libertad de expresi\u00f3n, que persigue el presidente del r\u00e9gimen turco Recep Erdogan, particularmente su reciente feroz campa\u00f1a contra los acad\u00e9micos y los periodistas turcos. Durante una reuni\u00f3n con representantes de la sociedad civil turca, &hellip;<\/p>\n","protected":false},"author":24,"featured_media":37071,"comment_status":"closed","ping_status":"closed","sticky":false,"template":"","format":"standard","meta":{"footnotes":""},"categories":[456,457,7541],"tags":[7845],"class_list":["post-37070","post","type-post","status-publish","format-standard","has-post-thumbnail","","category-arabe-internacional-politica","category-noticias-arabe-internacional-politica","category-ultimas-noticias","tag-biden-critica-politicas-de-erdogan-de-intimidacion-y-represion-de-las-libertades"],"_links":{"self":[{"href":"https:\/\/archive.sana.sy\/es\/index.php?rest_route=\/wp\/v2\/posts\/37070"}],"collection":[{"href":"https:\/\/archive.sana.sy\/es\/index.php?rest_route=\/wp\/v2\/posts"}],"about":[{"href":"https:\/\/archive.sana.sy\/es\/index.php?rest_route=\/wp\/v2\/types\/post"}],"author":[{"embeddable":true,"href":"https:\/\/archive.sana.sy\/es\/index.php?rest_route=\/wp\/v2\/users\/24"}],"replies":[{"embeddable":true,"href":"https:\/\/archive.sana.sy\/es\/index.php?rest_route=%2Fwp%2Fv2%2Fcomments&post=37070"}],"version-history":[{"count":0,"href":"https:\/\/archive.sana.sy\/es\/index.php?rest_route=\/wp\/v2\/posts\/37070\/revisions"}],"wp:featuredmedia":[{"embeddable":true,"href":"https:\/\/archive.sana.sy\/es\/index.php?rest_route=\/wp\/v2\/media\/37071"}],"wp:attachment":[{"href":"https:\/\/archive.sana.sy\/es\/index.php?rest_route=%2Fwp%2Fv2%2Fmedia&parent=37070"}],"wp:term":[{"taxonomy":"category","embeddable":true,"href":"https:\/\/archive.sana.sy\/es\/index.php?rest_route=%2Fwp%2Fv2%2Fcategories&post=37070"},{"taxonomy":"post_tag","embeddable":true,"href":"https:\/\/archive.sana.sy\/es\/index.php?rest_route=%2Fwp%2Fv2%2Ftags&post=37070"}],"curies":[{"name":"wp","href":"https:\/\/api.w.org\/{rel}","templated":true}]}}