{"id":37076,"date":"2016-01-23T10:35:37","date_gmt":"2016-01-23T08:35:37","guid":{"rendered":"http:\/\/www.sana.sy\/es\/?p=37076"},"modified":"2016-01-23T13:37:00","modified_gmt":"2016-01-23T11:37:00","slug":"fuerzas-israelies-matan-a-una-joven-palestina-al-norte-de-jerusalen","status":"publish","type":"post","link":"https:\/\/archive.sana.sy\/es\/?p=37076","title":{"rendered":"Fuerzas israel\u00edes matan a una joven palestina al norte de Jerusal\u00e9n"},"content":{"rendered":"<p><span style=\"color: #800000\">Jerusal\u00e9n, SANA<\/span><\/p>\n<p>Una joven palestina muri\u00f3 por disparos de las fuerzas de ocupaci\u00f3n israel\u00edes al norte de la ciudad ocupada de Jerusal\u00e9n.<br \/>\nFuentes palestinas informaron que soldados israel\u00edes dispararon contra la joven en la entrada de la colonia &#8220;Antot&#8221; al norte de Jerusal\u00e9n, bajo el pretexto de intentar apu\u00f1alar a un militar israel\u00ed.<\/p>\n<p>Cabe resaltar que decenas de palestinos resultaron heridos por balas de goma y asfixia durante la represi\u00f3n de las fuerzas de ocupaci\u00f3n israel\u00edes a una marcha pac\u00edfica en la aldea de Nalin al noroeste de la ciudad de Ramallah en Cisjordania.<br \/>\nFady M., Lynn A.<\/p>\n","protected":false},"excerpt":{"rendered":"<p>Jerusal\u00e9n, SANA Una joven palestina muri\u00f3 por disparos de las fuerzas de ocupaci\u00f3n israel\u00edes al norte de la ciudad ocupada de Jerusal\u00e9n. Fuentes palestinas informaron que soldados israel\u00edes dispararon contra la joven en la entrada de la colonia &#8220;Antot&#8221; al norte de Jerusal\u00e9n, bajo el pretexto de intentar apu\u00f1alar a un militar israel\u00ed. Cabe resaltar &hellip;<\/p>\n","protected":false},"author":24,"featured_media":37077,"comment_status":"closed","ping_status":"closed","sticky":false,"template":"","format":"standard","meta":{"footnotes":""},"categories":[456,457,7541],"tags":[],"class_list":["post-37076","post","type-post","status-publish","format-standard","has-post-thumbnail","","category-arabe-internacional-politica","category-noticias-arabe-internacional-politica","category-ultimas-noticias"],"_links":{"self":[{"href":"https:\/\/archive.sana.sy\/es\/index.php?rest_route=\/wp\/v2\/posts\/37076"}],"collection":[{"href":"https:\/\/archive.sana.sy\/es\/index.php?rest_route=\/wp\/v2\/posts"}],"about":[{"href":"https:\/\/archive.sana.sy\/es\/index.php?rest_route=\/wp\/v2\/types\/post"}],"author":[{"embeddable":true,"href":"https:\/\/archive.sana.sy\/es\/index.php?rest_route=\/wp\/v2\/users\/24"}],"replies":[{"embeddable":true,"href":"https:\/\/archive.sana.sy\/es\/index.php?rest_route=%2Fwp%2Fv2%2Fcomments&post=37076"}],"version-history":[{"count":0,"href":"https:\/\/archive.sana.sy\/es\/index.php?rest_route=\/wp\/v2\/posts\/37076\/revisions"}],"wp:featuredmedia":[{"embeddable":true,"href":"https:\/\/archive.sana.sy\/es\/index.php?rest_route=\/wp\/v2\/media\/37077"}],"wp:attachment":[{"href":"https:\/\/archive.sana.sy\/es\/index.php?rest_route=%2Fwp%2Fv2%2Fmedia&parent=37076"}],"wp:term":[{"taxonomy":"category","embeddable":true,"href":"https:\/\/archive.sana.sy\/es\/index.php?rest_route=%2Fwp%2Fv2%2Fcategories&post=37076"},{"taxonomy":"post_tag","embeddable":true,"href":"https:\/\/archive.sana.sy\/es\/index.php?rest_route=%2Fwp%2Fv2%2Ftags&post=37076"}],"curies":[{"name":"wp","href":"https:\/\/api.w.org\/{rel}","templated":true}]}}