{"id":37081,"date":"2016-01-23T13:52:07","date_gmt":"2016-01-23T11:52:07","guid":{"rendered":"http:\/\/www.sana.sy\/es\/?p=37081"},"modified":"2016-01-23T16:46:54","modified_gmt":"2016-01-23T14:46:54","slug":"autoridades-confiscan-una-gran-cantidad-de-estupefacientes-que-iban-a-ser-contrabandeadas-a-los-terroristas","status":"publish","type":"post","link":"https:\/\/archive.sana.sy\/es\/?p=37081","title":{"rendered":"Autoridades confiscan una gran cantidad de pastillas estupefacientes que iban a ser contrabandeadas a los terroristas"},"content":{"rendered":"<p><span style=\"color: #800000\">Homs, SANA<\/span><\/p>\n<p>Las autoridades competentes arrestaron a una banda de narcotraficante en Homs que pretend\u00eda \u00a0contrabandear una gran cantidad de pastillas alucinantes a las organizaciones terroristas.<\/p>\n<p>Una fuente en la Gobernaci\u00f3n revel\u00f3 que las autoridades sirias interceptaron en el campo sure\u00f1o de Homs un veh\u00edculo <em>Mercedes\u00a0<\/em>en el que los narcotraficantes escond\u00edan 400 mil pastillas estupefacientes de\u00a0<em>Captagon<\/em>.<\/p>\n<p>&nbsp;<\/p>\n<p>&nbsp;<\/p>\n<p>Lynn A.<\/p>\n","protected":false},"excerpt":{"rendered":"<p>Homs, SANA Las autoridades competentes arrestaron a una banda de narcotraficante en Homs que pretend\u00eda \u00a0contrabandear una gran cantidad de pastillas alucinantes a las organizaciones terroristas. Una fuente en la Gobernaci\u00f3n revel\u00f3 que las autoridades sirias interceptaron en el campo sure\u00f1o de Homs un veh\u00edculo Mercedes\u00a0en el que los narcotraficantes escond\u00edan 400 mil pastillas estupefacientes &hellip;<\/p>\n","protected":false},"author":24,"featured_media":22389,"comment_status":"closed","ping_status":"closed","sticky":false,"template":"","format":"standard","meta":{"footnotes":""},"categories":[477,597,573,476,7541],"tags":[],"class_list":["post-37081","post","type-post","status-publish","format-standard","has-post-thumbnail","","category-noticias-edulcorantes","category-cinta-de-noticias","category-la-realidad-de-los-acontecimientos-en-siria","category-locales","category-ultimas-noticias"],"_links":{"self":[{"href":"https:\/\/archive.sana.sy\/es\/index.php?rest_route=\/wp\/v2\/posts\/37081"}],"collection":[{"href":"https:\/\/archive.sana.sy\/es\/index.php?rest_route=\/wp\/v2\/posts"}],"about":[{"href":"https:\/\/archive.sana.sy\/es\/index.php?rest_route=\/wp\/v2\/types\/post"}],"author":[{"embeddable":true,"href":"https:\/\/archive.sana.sy\/es\/index.php?rest_route=\/wp\/v2\/users\/24"}],"replies":[{"embeddable":true,"href":"https:\/\/archive.sana.sy\/es\/index.php?rest_route=%2Fwp%2Fv2%2Fcomments&post=37081"}],"version-history":[{"count":0,"href":"https:\/\/archive.sana.sy\/es\/index.php?rest_route=\/wp\/v2\/posts\/37081\/revisions"}],"wp:featuredmedia":[{"embeddable":true,"href":"https:\/\/archive.sana.sy\/es\/index.php?rest_route=\/wp\/v2\/media\/22389"}],"wp:attachment":[{"href":"https:\/\/archive.sana.sy\/es\/index.php?rest_route=%2Fwp%2Fv2%2Fmedia&parent=37081"}],"wp:term":[{"taxonomy":"category","embeddable":true,"href":"https:\/\/archive.sana.sy\/es\/index.php?rest_route=%2Fwp%2Fv2%2Fcategories&post=37081"},{"taxonomy":"post_tag","embeddable":true,"href":"https:\/\/archive.sana.sy\/es\/index.php?rest_route=%2Fwp%2Fv2%2Ftags&post=37081"}],"curies":[{"name":"wp","href":"https:\/\/api.w.org\/{rel}","templated":true}]}}