{"id":37088,"date":"2016-01-23T15:11:35","date_gmt":"2016-01-23T13:11:35","guid":{"rendered":"http:\/\/www.sana.sy\/es\/?p=37088"},"modified":"2016-01-23T15:11:35","modified_gmt":"2016-01-23T13:11:35","slug":"lavrov-y-kerry-debaten-por-telefono-los-preparativos-de-la-reunion-de-ginebra","status":"publish","type":"post","link":"https:\/\/archive.sana.sy\/es\/?p=37088","title":{"rendered":"Lavrov y Kerry debaten por tel\u00e9fono los preparativos de la reuni\u00f3n de Ginebra"},"content":{"rendered":"<p><span style=\"color: #800000\">Mosc\u00fa, SANA<\/span><\/p>\n<p>El canciller ruso, Serguei Lavrov examin\u00f3 por tel\u00e9fono con su hom\u00f3logo estadounidense, John Kerry la cuesti\u00f3n de la creaci\u00f3n de una delegaci\u00f3n de la oposici\u00f3n siria con una amplia representaci\u00f3n en las venideras conversaciones intersirias de Ginebra.<\/p>\n<p>La Canciller\u00eda rusa destac\u00f3 en un comunicado emitido este s\u00e1bado que Lavrov y Kerry destacaron durante la conversaci\u00f3n telef\u00f3nica la importancia de emplear los esfuerzos del Grupo Internacional de Apoyo de Siria, encabezado por Rusia y EEUU en el proceso pol\u00edtico de la crisis en Siria.<\/p>\n<p>Agreg\u00f3 que los ambos cancilleres recalcaron su apoyo a los esfuerzos del enviado especial de la ONU para Siria, Staffan de Mistura en materia de organizar las conversaciones que se desarrollar\u00e1n a finales del mes en curso entre los representantes del Gobierno sirio y los de la oposici\u00f3n para alcanzar un arreglo pol\u00edtico de la crisis siria.<\/p>\n<p>Aclar\u00f3 que Washington y Mosc\u00fa pusieron de relieve la necesidad de que la agenda de las conversaciones de Ginebra se conforme con los requisitos de la resoluci\u00f3n No.2254 emitida por el Consejo de Seguridad de la ONU en materia de la lucha contra las organizaciones terroristas, especialmente la del Estado Isl\u00e1mico, y del respeto al derecho de los sirios a la autodeterminaci\u00f3n.<\/p>\n<p>En el mismo contexto, Kerry revel\u00f3 durante una ruede de prensa sostenida este s\u00e1bado con el canciller de Arabia Saudita, Adel al-Yubair que a\u00fan no se ha fijado una fecha para las conversaciones intersirias de Ginebra.<\/p>\n<p>Asimismo a\u00f1adi\u00f3 que el Grupo Internacional de Apoyo a Siria celebrar\u00e1 una reuni\u00f3n tras la primera ronda de dichas conversaciones.<\/p>\n<p>&nbsp;<\/p>\n<p>&nbsp;<\/p>\n<p>Lynn A.<\/p>\n","protected":false},"excerpt":{"rendered":"<p>Mosc\u00fa, SANA El canciller ruso, Serguei Lavrov examin\u00f3 por tel\u00e9fono con su hom\u00f3logo estadounidense, John Kerry la cuesti\u00f3n de la creaci\u00f3n de una delegaci\u00f3n de la oposici\u00f3n siria con una amplia representaci\u00f3n en las venideras conversaciones intersirias de Ginebra. La Canciller\u00eda rusa destac\u00f3 en un comunicado emitido este s\u00e1bado que Lavrov y Kerry destacaron durante &hellip;<\/p>\n","protected":false},"author":24,"featured_media":16461,"comment_status":"closed","ping_status":"closed","sticky":false,"template":"","format":"standard","meta":{"footnotes":""},"categories":[597,467,7541],"tags":[],"class_list":["post-37088","post","type-post","status-publish","format-standard","has-post-thumbnail","","category-cinta-de-noticias","category-siria-y-el-mundo","category-ultimas-noticias"],"_links":{"self":[{"href":"https:\/\/archive.sana.sy\/es\/index.php?rest_route=\/wp\/v2\/posts\/37088"}],"collection":[{"href":"https:\/\/archive.sana.sy\/es\/index.php?rest_route=\/wp\/v2\/posts"}],"about":[{"href":"https:\/\/archive.sana.sy\/es\/index.php?rest_route=\/wp\/v2\/types\/post"}],"author":[{"embeddable":true,"href":"https:\/\/archive.sana.sy\/es\/index.php?rest_route=\/wp\/v2\/users\/24"}],"replies":[{"embeddable":true,"href":"https:\/\/archive.sana.sy\/es\/index.php?rest_route=%2Fwp%2Fv2%2Fcomments&post=37088"}],"version-history":[{"count":0,"href":"https:\/\/archive.sana.sy\/es\/index.php?rest_route=\/wp\/v2\/posts\/37088\/revisions"}],"wp:featuredmedia":[{"embeddable":true,"href":"https:\/\/archive.sana.sy\/es\/index.php?rest_route=\/wp\/v2\/media\/16461"}],"wp:attachment":[{"href":"https:\/\/archive.sana.sy\/es\/index.php?rest_route=%2Fwp%2Fv2%2Fmedia&parent=37088"}],"wp:term":[{"taxonomy":"category","embeddable":true,"href":"https:\/\/archive.sana.sy\/es\/index.php?rest_route=%2Fwp%2Fv2%2Fcategories&post=37088"},{"taxonomy":"post_tag","embeddable":true,"href":"https:\/\/archive.sana.sy\/es\/index.php?rest_route=%2Fwp%2Fv2%2Ftags&post=37088"}],"curies":[{"name":"wp","href":"https:\/\/api.w.org\/{rel}","templated":true}]}}