{"id":37119,"date":"2016-01-24T11:00:40","date_gmt":"2016-01-24T09:00:40","guid":{"rendered":"http:\/\/www.sana.sy\/es\/?p=37119"},"modified":"2023-01-10T15:35:13","modified_gmt":"2023-01-10T13:35:13","slug":"principales-titulares-de-los-diarios-sirios-publicados-este-domingo-12","status":"publish","type":"post","link":"https:\/\/archive.sana.sy\/es\/?p=37119","title":{"rendered":"Principales titulares de los diarios sirios publicados este domingo"},"content":{"rendered":"<div><span lang=\"ES-TRAD\">Damasco, SANA<\/span><\/div>\n<div><\/div>\n<div><span lang=\"ES-TRAD\">Los principales diarios sirios destacaron los siguientes titulares:<\/span><\/div>\n<div><span dir=\"RTL\" lang=\"AR-SA\">\u00a0<\/span><\/div>\n<div><span lang=\"ES-TRAD\">= Presidente de la Asamblea del Pueblo sirio se re\u00fane con su hom\u00f3logo iraqu\u00ed en la capital Bagdad.<\/span><\/div>\n<div><span lang=\"ES-TRAD\">\u00a0<\/span><\/div>\n<div><span lang=\"ES-TRAD\">= Subsecretario General del partido Baath visita a soldados del Ej\u00e9rcito sirio en localidades de Damasco-campo.<\/span><\/div>\n<div><span lang=\"ES-TRAD\">\u00a0<\/span><\/div>\n<div><span lang=\"ES-TRAD\">= Tres muertos y varios por el impacto de morteros en el campamento de Wafidin en las afueras de Damasco.<\/span><\/div>\n<div><span lang=\"ES-TRAD\">\u00a0<\/span><\/div>\n<div><span lang=\"ES-TRAD\">= Estudiante sirio recibe premio del Mejor Estudiante Extranjero en Polonia.<\/span><\/div>\n<div><span lang=\"ES-TRAD\">\u00a0<\/span><\/div>\n<div><span lang=\"ES-TRAD\">= Lavrov y Kerry debaten por tel\u00e9fono los preparativos de la reuni\u00f3n de Ginebra.<\/span><\/div>\n<div><span lang=\"ES-TRAD\">\u00a0<\/span><\/div>\n<div><span lang=\"ES-TRAD\">= Autoridades competentes confiscan una gran cantidad de pastillas estupefacientes que iban a ser contrabandeadas a los terroristas.<\/span><\/div>\n<div><span lang=\"ES-TRAD\">\u00a0<\/span><\/div>\n<div><span lang=\"ES-TRAD\">= Ej\u00e9rcito Nacional recupera siete poblados y colinas en el norte de Latakia.<\/span><\/div>\n<div><span lang=\"ES-TRAD\">\u00a0<\/span><\/div>\n<div><span lang=\"ES-TRAD\">= Fuerza A\u00e9rea elimina a 13 terroristas en un bombardeo contra sus posiciones en el poblado de Latameneh, en Hama.<\/span><\/div>\n<div><span lang=\"ES-TRAD\">\u00a0<\/span><\/div>\n<div><span lang=\"ES-TRAD\">= Mosc\u00fa califica de destructivas las declaraciones de Biden sobre una soluci\u00f3n militar a la crisis en Siria.<\/span><\/div>\n<div><span lang=\"ES-TRAD\">\u00a0<\/span><\/div>\n<div><span lang=\"ES-TRAD\">\u00a0<\/span><\/div>\n<div><span lang=\"ES-TRAD\">= Fuerzas israel\u00edes matan a una joven palestina al norte de Jerusal\u00e9n.<\/span><\/div>\n<div><span lang=\"ES-TRAD\">\u00a0<\/span><\/div>\n<div><span lang=\"ES-TRAD\">= Rohani afirma que monopolizar la toma de decisiones amenaza la seguridad de la regi\u00f3n y el mundo.<\/span><\/div>\n<div><span lang=\"ES-TRAD\">\u00a0<\/span><\/div>\n<div><span lang=\"ES-TRAD\">= Biden critica pol\u00edticas de Erdogan de intimidaci\u00f3n y represi\u00f3n de las libertades.<\/span><\/div>\n<div><span lang=\"ES-TRAD\">\u00a0<\/span><\/div>\n<div><span lang=\"ES-TRAD\">= Carter alega que ineficacia de la Coalici\u00f3n de Washington se debe a algunos de sus aliados.<\/span><\/div>\n<div><span lang=\"ES-TRAD\">\u00a0<\/span><\/div>\n<div><span lang=\"ES-TRAD\">= Bogdanov examina con Haddad las pr\u00f3ximas conversaciones inter sirias en Ginebra.<\/span><\/div>\n<div><span lang=\"ES-TRAD\">\u00a0<\/span><\/div>\n<div><span lang=\"ES-TRAD\">= 15 civiles heridos en explosi\u00f3n de una bomba en un barrio de la ciudad de Homs.<\/span><\/div>\n<div><span lang=\"ES-TRAD\">\u00a0<\/span><\/div>\n<div><span lang=\"ES-TRAD\">= Fuerzas Armadas arrasan con terroristas del Estado Isl\u00e1mico y el Frente Al Nousra en Alepo y Sweida.<\/span><\/div>\n<div><span lang=\"ES-TRAD\">\u00a0<\/span><\/div>\n<div><span lang=\"ES-TRAD\">= Ej\u00e9rcito recupera el control de nuevas \u00e1reas en la ciudad de Sheikh Maskin en Deraa.<\/span><\/div>\n<div><span lang=\"ES-TRAD\">\u00a0<\/span><\/div>\n<div><span lang=\"ES-TRAD\">= Graduado el primer Grupo de Fuerzas de Autodefensa en la provincia de Alepo.<\/span><\/div>\n<div><span lang=\"ES-TRAD\">\u00a0<\/span><\/div>\n<div><span lang=\"ES-TRAD\">= Concluyen en la capital Beirut, las actividades de la Feria Syria-Mode.<\/span><\/div>\n<div><span lang=\"ES-TRAD\">\u00a0<\/span><\/div>\n<div><span lang=\"ES-TRAD\">= Portavoz del Ministerio de Exteriores iran\u00ed asegura que el \u00e9xito de la mediaci\u00f3n entre Ir\u00e1n y Arabia Saudita depende de que Riad cambie su enfoque provocador de las tensiones.<\/span><\/div>\n<div><span lang=\"ES-TRAD\">\u00a0<\/span><\/div>\n<div><span lang=\"ES-TRAD\">= Ej\u00e9rcito yemen\u00ed controla tres sitios en Marib y elimina a 24 mercenarios saud\u00edes.<\/span><\/div>\n<div><span lang=\"ES-TRAD\">\u00a0<\/span><\/div>\n<div><span lang=\"ES-TRAD\">= Jamenei dice que la regi\u00f3n sufren de la inseguridad debido a las pol\u00edticas equivocadas de Occidente.<\/span><\/div>\n<div><span lang=\"ES-TRAD\">\u00a0<\/span><\/div>\n<div><span lang=\"ES-TRAD\">= Sisi advierte de las consecuencias de la propagaci\u00f3n del terrorismo en la regi\u00f3n.<\/span><\/div>\n<div><span lang=\"ES-TRAD\">\u00a0<\/span><\/div>\n<div><span lang=\"ES-TRAD\">= Cazas saud\u00edes bombardean varias provincias de Yemen.<\/span><\/div>\n<div><span lang=\"ES-TRAD\">\u00a0<\/span><\/div>\n<div><span lang=\"ES-TRAD\">= Kelihdar Ihsanoglu asegura que Erdogan y su primer ministro est\u00e1n trabajando para establecer un r\u00e9gimen dictatorial en Turqu\u00eda.<\/span><\/div>\n<div><span lang=\"ES-TRAD\">\u00a0<\/span><\/div>\n<div><span lang=\"ES-TRAD\">= Ej\u00e9rcito liban\u00e9s arresta a dos personas en Akkar y Beirut por sospechas de pertenecer a una organizaci\u00f3n terrorista.<\/span><\/div>\n<div><span lang=\"ES-TRAD\">\u00a0<\/span><\/div>\n<div><span lang=\"ES-TRAD\">= Fuerzas iraqu\u00edes matan a 400 terroristas en las afueras de la ciudad norte\u00f1a de Mosul.<\/span><\/p>\n<div class=\"yj6qo ajU\">\n<div id=\":lh\" class=\"ajR\"><img decoding=\"async\" class=\"ajT\" src=\"https:\/\/ssl.gstatic.com\/ui\/v1\/icons\/mail\/images\/cleardot.gif\" alt=\"\" \/><\/div>\n<\/div>\n<\/div>\n","protected":false},"excerpt":{"rendered":"<p>Damasco, SANA Los principales diarios sirios destacaron los siguientes titulares: \u00a0 = Presidente de la Asamblea del Pueblo sirio se re\u00fane con su hom\u00f3logo iraqu\u00ed en la capital Bagdad. \u00a0 = Subsecretario General del partido Baath visita a soldados del Ej\u00e9rcito sirio en localidades de Damasco-campo. \u00a0 = Tres muertos y varios por el impacto &hellip;<\/p>\n","protected":false},"author":1,"featured_media":6186,"comment_status":"closed","ping_status":"closed","sticky":false,"template":"","format":"standard","meta":{"footnotes":""},"categories":[447,555],"tags":[2354],"class_list":["post-37119","post","type-post","status-publish","format-standard","has-post-thumbnail","","category-local-politica","category-prensa","tag-principales-titulares-de-los-diarios-sirios-publicados-este-domingo"],"_links":{"self":[{"href":"https:\/\/archive.sana.sy\/es\/index.php?rest_route=\/wp\/v2\/posts\/37119"}],"collection":[{"href":"https:\/\/archive.sana.sy\/es\/index.php?rest_route=\/wp\/v2\/posts"}],"about":[{"href":"https:\/\/archive.sana.sy\/es\/index.php?rest_route=\/wp\/v2\/types\/post"}],"author":[{"embeddable":true,"href":"https:\/\/archive.sana.sy\/es\/index.php?rest_route=\/wp\/v2\/users\/1"}],"replies":[{"embeddable":true,"href":"https:\/\/archive.sana.sy\/es\/index.php?rest_route=%2Fwp%2Fv2%2Fcomments&post=37119"}],"version-history":[{"count":0,"href":"https:\/\/archive.sana.sy\/es\/index.php?rest_route=\/wp\/v2\/posts\/37119\/revisions"}],"wp:featuredmedia":[{"embeddable":true,"href":"https:\/\/archive.sana.sy\/es\/index.php?rest_route=\/wp\/v2\/media\/6186"}],"wp:attachment":[{"href":"https:\/\/archive.sana.sy\/es\/index.php?rest_route=%2Fwp%2Fv2%2Fmedia&parent=37119"}],"wp:term":[{"taxonomy":"category","embeddable":true,"href":"https:\/\/archive.sana.sy\/es\/index.php?rest_route=%2Fwp%2Fv2%2Fcategories&post=37119"},{"taxonomy":"post_tag","embeddable":true,"href":"https:\/\/archive.sana.sy\/es\/index.php?rest_route=%2Fwp%2Fv2%2Ftags&post=37119"}],"curies":[{"name":"wp","href":"https:\/\/api.w.org\/{rel}","templated":true}]}}