{"id":37130,"date":"2016-01-24T15:17:19","date_gmt":"2016-01-24T13:17:19","guid":{"rendered":"http:\/\/www.sana.sy\/es\/?p=37130"},"modified":"2016-01-24T15:46:15","modified_gmt":"2016-01-24T13:46:15","slug":"siria-y-armenia-debaten-vias-de-fortalecimiento-de-la-cooperacion-en-el-campo-de-la-educacion-y-la-investigacion-cientifica","status":"publish","type":"post","link":"https:\/\/archive.sana.sy\/es\/?p=37130","title":{"rendered":"Siria y Armenia debaten v\u00edas de fortalecimiento de la cooperaci\u00f3n en el campo de la educaci\u00f3n y la investigaci\u00f3n cient\u00edfica"},"content":{"rendered":"<p><span style=\"color: #800000\">Damasco, SANA<\/span><\/p>\n<p>El ministro de Ense\u00f1anza Superior, Mohamad Amer Mardini debati\u00f3 este domingo con el embajador de la Rep\u00fablica de Armenia en Damasco, Arshak Poladian las v\u00edas de reforzar la cooperaci\u00f3n bilateral en los campos de educaci\u00f3n y la investigaci\u00f3n cient\u00edfica.<\/p>\n<p>Ambas partes abordaron tambi\u00e9n la posibilidad de renovar el programa ejecutivo de la cooperaci\u00f3n cultural entre los dos pa\u00edses.<\/p>\n<p>Al-Mardini destac\u00f3 la importancia del intercambio entre las delegaciones cient\u00edficas de las universidades sirias y armenias, as\u00ed como la necesidad de aumentar las becas asignadas a los estudiantes sirios en las \u00e1reas de las ciencias aplicadas y la filolog\u00eda armenia.<\/p>\n<p>A su vez, el embajador armenio hizo \u00e9nfasis en la necesidad de renovar el programa ejecutivo cultural, reiterando la solidaridad de su pa\u00eds con Siria frente a la crisis que est\u00e1 viviendo.<\/p>\n<p>&nbsp;<\/p>\n<p>&nbsp;<br \/>\nLynn A.<\/p>\n","protected":false},"excerpt":{"rendered":"<p>Damasco, SANA El ministro de Ense\u00f1anza Superior, Mohamad Amer Mardini debati\u00f3 este domingo con el embajador de la Rep\u00fablica de Armenia en Damasco, Arshak Poladian las v\u00edas de reforzar la cooperaci\u00f3n bilateral en los campos de educaci\u00f3n y la investigaci\u00f3n cient\u00edfica. Ambas partes abordaron tambi\u00e9n la posibilidad de renovar el programa ejecutivo de la cooperaci\u00f3n &hellip;<\/p>\n","protected":false},"author":24,"featured_media":37131,"comment_status":"closed","ping_status":"closed","sticky":false,"template":"","format":"standard","meta":{"footnotes":""},"categories":[477,476],"tags":[],"class_list":["post-37130","post","type-post","status-publish","format-standard","has-post-thumbnail","","category-noticias-edulcorantes","category-locales"],"_links":{"self":[{"href":"https:\/\/archive.sana.sy\/es\/index.php?rest_route=\/wp\/v2\/posts\/37130"}],"collection":[{"href":"https:\/\/archive.sana.sy\/es\/index.php?rest_route=\/wp\/v2\/posts"}],"about":[{"href":"https:\/\/archive.sana.sy\/es\/index.php?rest_route=\/wp\/v2\/types\/post"}],"author":[{"embeddable":true,"href":"https:\/\/archive.sana.sy\/es\/index.php?rest_route=\/wp\/v2\/users\/24"}],"replies":[{"embeddable":true,"href":"https:\/\/archive.sana.sy\/es\/index.php?rest_route=%2Fwp%2Fv2%2Fcomments&post=37130"}],"version-history":[{"count":0,"href":"https:\/\/archive.sana.sy\/es\/index.php?rest_route=\/wp\/v2\/posts\/37130\/revisions"}],"wp:featuredmedia":[{"embeddable":true,"href":"https:\/\/archive.sana.sy\/es\/index.php?rest_route=\/wp\/v2\/media\/37131"}],"wp:attachment":[{"href":"https:\/\/archive.sana.sy\/es\/index.php?rest_route=%2Fwp%2Fv2%2Fmedia&parent=37130"}],"wp:term":[{"taxonomy":"category","embeddable":true,"href":"https:\/\/archive.sana.sy\/es\/index.php?rest_route=%2Fwp%2Fv2%2Fcategories&post=37130"},{"taxonomy":"post_tag","embeddable":true,"href":"https:\/\/archive.sana.sy\/es\/index.php?rest_route=%2Fwp%2Fv2%2Ftags&post=37130"}],"curies":[{"name":"wp","href":"https:\/\/api.w.org\/{rel}","templated":true}]}}