{"id":37133,"date":"2016-01-24T15:36:16","date_gmt":"2016-01-24T13:36:16","guid":{"rendered":"http:\/\/www.sana.sy\/es\/?p=37133"},"modified":"2016-01-24T15:36:16","modified_gmt":"2016-01-24T13:36:16","slug":"inician-labores-de-la-conferencia-de-la-uipi-en-bagdad","status":"publish","type":"post","link":"https:\/\/archive.sana.sy\/es\/?p=37133","title":{"rendered":"Inician labores de la Conferencia de la UIPI en Bagdad"},"content":{"rendered":"<p><span style=\"color: #800000\">Bagdad, SANA<\/span><\/p>\n<p>Se dio inicio este domingo a las labores de la XI Conferencia de la Uni\u00f3n Interparlamentaria de los Pa\u00edses Isl\u00e1micos (UIPI) en la capital iraqu\u00ed Bagdad.<\/p>\n<p>En la ceremonia de apertura, el presidente del Consejo de Diputados iraqu\u00ed, Salim al-Yaburi pronunci\u00f3 una palabra en la que advirti\u00f3 que el terrorismo que menoscab\u00f3 la humanidad, civilizaci\u00f3n y la historia de Irak y caus\u00f3 el derramamiento de la sangre de inocentes no solamente forma una amenaza para Irak solamente sino tambi\u00e9n para toda la umma o \u201cnaci\u00f3n\u201d isl\u00e1mica.<\/p>\n<p>Al-Yaburi llam\u00f3 a una labor isl\u00e1mica conjunta en los planos de seguridad, cultura y educaci\u00f3n para evitar el perjuicio que ocasiona el terrorismo al islam, y acabar con su ideolog\u00eda destructiva.<\/p>\n<p>Asimismo dirigi\u00f3 un llamamiento para resolver las crisis que sufren algunos pa\u00edses isl\u00e1micos mediante el di\u00e1logo.<\/p>\n<p>El jefe parlamentario iraqu\u00ed consider\u00f3 que lo que est\u00e1 sucediendo en Siria, Yemen, Libia e Irak es un asunto muy grave, que requiere una acci\u00f3n isl\u00e1mica conjunta para poner fin al terrorismo que est\u00e1 azotando a dichos pa\u00edses y cobr\u00e1ndose la vida de los inocentes civiles bajo la ayuda de pa\u00edses regionales e internacionales.<\/p>\n<p>A su vez, el canciller iraqu\u00ed, Haidar al-Abadi destac\u00f3 en su palabra la necesidad de eliminar los desaf\u00edos que enfrenta la naci\u00f3n (umma) isl\u00e1mica, sobre todo los conflictos sectarios.<br \/>\nAl-Abadi hizo una panor\u00e1mica sobre los esfuerzos desempe\u00f1ados por Irak para hacer frente a la organizaci\u00f3n terrorista del Estado Isl\u00e1mico, enfatizando que en el a\u00f1o actual se liberar\u00e1 Mosul.<\/p>\n<p>Por su parte, el presidente del Consejo de Shura iran\u00ed (Asamblea Consultiva), Ali Lariyani exigi\u00f3 a los pa\u00edses regionales que a\u00fanen esfuerzos para hacer frente al terrorismo y el sectarismo.<\/p>\n<p>Asimismo dijo que el extremismo, el terrorismo y el sectarismo se han convertido en las nuevas amenazas que ponen en peligro la estabilidad y la paz tanto en la regi\u00f3n como en todo el mundo.<\/p>\n<p>Estos peligros se deben en su opini\u00f3n a las pol\u00edticas injerencistas de algunos pa\u00edses regionales y occidentales en los asuntos internos de los estados de Oriente Medio.<\/p>\n<p>&nbsp;<\/p>\n<p>&nbsp;<\/p>\n<p>Lynn A.<\/p>\n","protected":false},"excerpt":{"rendered":"<p>Bagdad, SANA Se dio inicio este domingo a las labores de la XI Conferencia de la Uni\u00f3n Interparlamentaria de los Pa\u00edses Isl\u00e1micos (UIPI) en la capital iraqu\u00ed Bagdad. En la ceremonia de apertura, el presidente del Consejo de Diputados iraqu\u00ed, Salim al-Yaburi pronunci\u00f3 una palabra en la que advirti\u00f3 que el terrorismo que menoscab\u00f3 la &hellip;<\/p>\n","protected":false},"author":24,"featured_media":37134,"comment_status":"closed","ping_status":"closed","sticky":false,"template":"","format":"standard","meta":{"footnotes":""},"categories":[597,456,457,7541],"tags":[],"class_list":["post-37133","post","type-post","status-publish","format-standard","has-post-thumbnail","","category-cinta-de-noticias","category-arabe-internacional-politica","category-noticias-arabe-internacional-politica","category-ultimas-noticias"],"_links":{"self":[{"href":"https:\/\/archive.sana.sy\/es\/index.php?rest_route=\/wp\/v2\/posts\/37133"}],"collection":[{"href":"https:\/\/archive.sana.sy\/es\/index.php?rest_route=\/wp\/v2\/posts"}],"about":[{"href":"https:\/\/archive.sana.sy\/es\/index.php?rest_route=\/wp\/v2\/types\/post"}],"author":[{"embeddable":true,"href":"https:\/\/archive.sana.sy\/es\/index.php?rest_route=\/wp\/v2\/users\/24"}],"replies":[{"embeddable":true,"href":"https:\/\/archive.sana.sy\/es\/index.php?rest_route=%2Fwp%2Fv2%2Fcomments&post=37133"}],"version-history":[{"count":0,"href":"https:\/\/archive.sana.sy\/es\/index.php?rest_route=\/wp\/v2\/posts\/37133\/revisions"}],"wp:featuredmedia":[{"embeddable":true,"href":"https:\/\/archive.sana.sy\/es\/index.php?rest_route=\/wp\/v2\/media\/37134"}],"wp:attachment":[{"href":"https:\/\/archive.sana.sy\/es\/index.php?rest_route=%2Fwp%2Fv2%2Fmedia&parent=37133"}],"wp:term":[{"taxonomy":"category","embeddable":true,"href":"https:\/\/archive.sana.sy\/es\/index.php?rest_route=%2Fwp%2Fv2%2Fcategories&post=37133"},{"taxonomy":"post_tag","embeddable":true,"href":"https:\/\/archive.sana.sy\/es\/index.php?rest_route=%2Fwp%2Fv2%2Ftags&post=37133"}],"curies":[{"name":"wp","href":"https:\/\/api.w.org\/{rel}","templated":true}]}}