{"id":37141,"date":"2016-01-24T19:59:50","date_gmt":"2016-01-24T17:59:50","guid":{"rendered":"http:\/\/www.sana.sy\/es\/?p=37141"},"modified":"2016-01-24T21:05:35","modified_gmt":"2016-01-24T19:05:35","slug":"al-laham-los-paises-del-mundo-si-son-serios-en-el-apoyo-al-pueblo-sirio-deben-combatir-el-terrorismo","status":"publish","type":"post","link":"https:\/\/archive.sana.sy\/es\/?p=37141","title":{"rendered":"Al-Laham: los pa\u00edses del mundo si son serios en el apoyo al pueblo sirio deben combatir el terrorismo"},"content":{"rendered":"<p><span style=\"color: #800000\">Bagdad, SANA<\/span><\/p>\n<p>El president de la Asamblea del Pueblo, Mohammad Yihad al-Laham afirm\u00f3 que los gobiernos y parlamentos del mundo si son serios y sinceros en su apoyo al pueblo sirio deben proceder a combatir el terrorismo subrayando que esto tendr\u00eda que figurar a la cabeza de cualquier di\u00e1logo porque acabar con los terroristas es la verdadera salida para asentar las bases de la estabilidad, la reconstrucci\u00f3n y la verdadera asociaci\u00f3n con los diferentes espectros del pueblo sirio.<\/p>\n<p>En su discurso en Bagdad ante el 11\u00ba periodo de sesiones de la conferencia de la Uni\u00f3n de Parlamentos de los Pa\u00edses Miembros de la Organizaci\u00f3n de Cooperaci\u00f3n Isl\u00e1mica, al-Laham se\u00f1al\u00f3 que el Gobierno sirio ha colaborado con todas las iniciativas serias por encontrar una salida a la crisis en Siria a lo largo de los cinco a\u00f1os pasados pero las condiciones exigidas por algunos poderes externos y las tentativas de imponer determinados dictados han frustrado todos los esfuerzos y buenas iniciativas, especialmente las iniciativas que se celebraron en Viena y la actual tendencia de celebrar una nueva conferencia.<\/p>\n<p>El jefe del parlamento sirio puso de relieve que las disputas banales entre los estados musulmanes es lo que debilita a la naci\u00f3n isl\u00e1mica y fortalece a sus enemigos, principalmente el ente de ocupaci\u00f3n israel\u00ed que usurpa a Palestina, el Gol\u00e1n sirio y las Granjas de Shebaa en L\u00edbano. El mismo llam\u00f3 a reactivar el rol de la Organizaci\u00f3n de la Conferencia Isl\u00e1mica y reforzar los lazos de solidaridad entre los pa\u00edses musulmanes teniendo por gu\u00eda los valores tolerantes del Islam basados en el amor, la fraternidad y el desapego a la violencia y el extremismo.<\/p>\n<p>&nbsp;<\/p>\n<p>&nbsp;<\/p>\n<p>Riyad Sh., Lynn A.<\/p>\n","protected":false},"excerpt":{"rendered":"<p>Bagdad, SANA El president de la Asamblea del Pueblo, Mohammad Yihad al-Laham afirm\u00f3 que los gobiernos y parlamentos del mundo si son serios y sinceros en su apoyo al pueblo sirio deben proceder a combatir el terrorismo subrayando que esto tendr\u00eda que figurar a la cabeza de cualquier di\u00e1logo porque acabar con los terroristas es &hellip;<\/p>\n","protected":false},"author":24,"featured_media":37142,"comment_status":"closed","ping_status":"closed","sticky":false,"template":"","format":"standard","meta":{"footnotes":""},"categories":[467,583,7541],"tags":[],"class_list":["post-37141","post","type-post","status-publish","format-standard","has-post-thumbnail","","category-siria-y-el-mundo","category-slide","category-ultimas-noticias"],"_links":{"self":[{"href":"https:\/\/archive.sana.sy\/es\/index.php?rest_route=\/wp\/v2\/posts\/37141"}],"collection":[{"href":"https:\/\/archive.sana.sy\/es\/index.php?rest_route=\/wp\/v2\/posts"}],"about":[{"href":"https:\/\/archive.sana.sy\/es\/index.php?rest_route=\/wp\/v2\/types\/post"}],"author":[{"embeddable":true,"href":"https:\/\/archive.sana.sy\/es\/index.php?rest_route=\/wp\/v2\/users\/24"}],"replies":[{"embeddable":true,"href":"https:\/\/archive.sana.sy\/es\/index.php?rest_route=%2Fwp%2Fv2%2Fcomments&post=37141"}],"version-history":[{"count":0,"href":"https:\/\/archive.sana.sy\/es\/index.php?rest_route=\/wp\/v2\/posts\/37141\/revisions"}],"wp:featuredmedia":[{"embeddable":true,"href":"https:\/\/archive.sana.sy\/es\/index.php?rest_route=\/wp\/v2\/media\/37142"}],"wp:attachment":[{"href":"https:\/\/archive.sana.sy\/es\/index.php?rest_route=%2Fwp%2Fv2%2Fmedia&parent=37141"}],"wp:term":[{"taxonomy":"category","embeddable":true,"href":"https:\/\/archive.sana.sy\/es\/index.php?rest_route=%2Fwp%2Fv2%2Fcategories&post=37141"},{"taxonomy":"post_tag","embeddable":true,"href":"https:\/\/archive.sana.sy\/es\/index.php?rest_route=%2Fwp%2Fv2%2Ftags&post=37141"}],"curies":[{"name":"wp","href":"https:\/\/api.w.org\/{rel}","templated":true}]}}