{"id":37144,"date":"2016-01-24T16:15:27","date_gmt":"2016-01-24T14:15:27","guid":{"rendered":"http:\/\/www.sana.sy\/es\/?p=37144"},"modified":"2016-01-24T21:04:57","modified_gmt":"2016-01-24T19:04:57","slug":"siria-y-el-pnud-examinan-cooperacion-en-materia-de-salud","status":"publish","type":"post","link":"https:\/\/archive.sana.sy\/es\/?p=37144","title":{"rendered":"Siria y el PNUD examinan cooperaci\u00f3n en materia de salud"},"content":{"rendered":"<p><span style=\"color: #800000\">Damasco, SANA<\/span><\/p>\n<p>El ministro de Salud, Dr. Nizar Yazayi examin\u00f3 hoy el domingo con el director regional del Programa de las Naciones Unidas para el Desarrollo (PNUD), Dr. Samoel Rizek los mecanismos necesarios para poner una estrategia de la acci\u00f3n conjunta a fin de satisfacer las necesidades sanitarias de los ciudadanos, especialmente en las zonas afectadas.<\/p>\n<p>El titular de Salud destac\u00f3 la necesidad de elevar el nivel de la coordinaci\u00f3n entre su ministerio y las organizaciones de la ONU que operan en el campo de salud para apoyar el sector sanitario en Siria y responder a las nuevas y crecientes necesidades de los ciudadanos en todas las \u00e1reas.<\/p>\n<p>Asimismo enfatiz\u00f3 el inter\u00e9s de su ministerio en detectar las enfermedades en todas las zonas dif\u00edciles a llegar, tratarlas y limitar su evoluci\u00f3n, as\u00ed como en rehabilitar los centros de salud afectados y garantizar sus equipamientos necesarios.<\/p>\n<p>Por su parte, Rezek manifest\u00f3 la disposici\u00f3n de su organizaci\u00f3n internacional para\u00a0apoyar el sector sanitario en Siria y trabajar para ejecutar un conjunto de programas relacionados con la formaci\u00f3n y el adiestramiento.<br \/>\nLynn A.<\/p>\n","protected":false},"excerpt":{"rendered":"<p>Damasco, SANA El ministro de Salud, Dr. Nizar Yazayi examin\u00f3 hoy el domingo con el director regional del Programa de las Naciones Unidas para el Desarrollo (PNUD), Dr. Samoel Rizek los mecanismos necesarios para poner una estrategia de la acci\u00f3n conjunta a fin de satisfacer las necesidades sanitarias de los ciudadanos, especialmente en las zonas &hellip;<\/p>\n","protected":false},"author":24,"featured_media":37145,"comment_status":"closed","ping_status":"closed","sticky":false,"template":"","format":"standard","meta":{"footnotes":""},"categories":[477,476,583,7541],"tags":[],"class_list":["post-37144","post","type-post","status-publish","format-standard","has-post-thumbnail","","category-noticias-edulcorantes","category-locales","category-slide","category-ultimas-noticias"],"_links":{"self":[{"href":"https:\/\/archive.sana.sy\/es\/index.php?rest_route=\/wp\/v2\/posts\/37144"}],"collection":[{"href":"https:\/\/archive.sana.sy\/es\/index.php?rest_route=\/wp\/v2\/posts"}],"about":[{"href":"https:\/\/archive.sana.sy\/es\/index.php?rest_route=\/wp\/v2\/types\/post"}],"author":[{"embeddable":true,"href":"https:\/\/archive.sana.sy\/es\/index.php?rest_route=\/wp\/v2\/users\/24"}],"replies":[{"embeddable":true,"href":"https:\/\/archive.sana.sy\/es\/index.php?rest_route=%2Fwp%2Fv2%2Fcomments&post=37144"}],"version-history":[{"count":0,"href":"https:\/\/archive.sana.sy\/es\/index.php?rest_route=\/wp\/v2\/posts\/37144\/revisions"}],"wp:featuredmedia":[{"embeddable":true,"href":"https:\/\/archive.sana.sy\/es\/index.php?rest_route=\/wp\/v2\/media\/37145"}],"wp:attachment":[{"href":"https:\/\/archive.sana.sy\/es\/index.php?rest_route=%2Fwp%2Fv2%2Fmedia&parent=37144"}],"wp:term":[{"taxonomy":"category","embeddable":true,"href":"https:\/\/archive.sana.sy\/es\/index.php?rest_route=%2Fwp%2Fv2%2Fcategories&post=37144"},{"taxonomy":"post_tag","embeddable":true,"href":"https:\/\/archive.sana.sy\/es\/index.php?rest_route=%2Fwp%2Fv2%2Ftags&post=37144"}],"curies":[{"name":"wp","href":"https:\/\/api.w.org\/{rel}","templated":true}]}}