{"id":37160,"date":"2016-01-24T22:31:35","date_gmt":"2016-01-24T20:31:35","guid":{"rendered":"http:\/\/www.sana.sy\/es\/?p=37160"},"modified":"2016-01-26T17:55:00","modified_gmt":"2016-01-26T15:55:00","slug":"comandancia-general-del-ejercito-la-toma-de-control-de-la-localidad-de-rabiaa-constituira-una-plataforma-para-el-ejercito-para-erradicar-el-terrorismo-en-el-campo-de-latakia","status":"publish","type":"post","link":"https:\/\/archive.sana.sy\/es\/?p=37160","title":{"rendered":"Comandancia General del Ej\u00e9rcito: La toma de control de la localidad de Rabiaa constituir\u00e1 un punto de partida para erradicar el terrorismo en el campo de latakia"},"content":{"rendered":"<p><span style=\"color: #800000\"><strong>Damasco-SANA<\/strong><\/span><\/p>\n<p><strong>La Comandancia General del Ej\u00e9rcito y las Fuerzas Armadas dijo que la toma de control de la localidad de Rabiaa constituir\u00e1 un punto de partida para el ej\u00e9rcito para erradicar a los remanentes de los grupos terroristas desplegados en el campo de la provincia de Lataka as\u00ed como un duro golpe a las organizaciones terroristas y a sus patrocinadores.<\/strong><\/p>\n<p><strong>La comandancia del ej\u00e9rcito y las fuerzas armadas, emiti\u00f3 un comunicado donde afirm\u00f3 que destacamentos del ej\u00e9rcito en cooperaci\u00f3n con los comit\u00e9s de defensa populares, recuperaron<\/strong><br \/>\n<strong>el control de la localidad de Rabiaa en la campi\u00f1a norte de Latakia, luego de exitosos operaciones militares que terminaron tambi\u00e9n con la recuperaci\u00f3n de 18 aldeas y localidades, as\u00ed como colinas estrat\u00e9gicas en dicha zona.<\/strong><\/p>\n<p><strong>El comunicado subray\u00f3 que este logro alcanzado por las fuerzas armadas es de suma importancia, ya que complementa los avances del ej\u00e9rcito sirio en los \u00faltimos d\u00edas en la campi\u00f1a norte de la provincia costera de Latakia, especialmente la localidad de Rabiaa que constituye uno de los mayores bastiones terroristas en la zona y un punto de comunicaci\u00f3n entre sus bandas, agregando que este logro cobra suma importancia porque corta las v\u00edas de suministro de los extremistas y su capacidad de trasladarse en dicha zona.<\/strong><\/p>\n<p><strong>Por \u00faltimo el comunicado cita que la comandancia del ej\u00e9rcito est\u00e1 decidida a continuar la lucha contra el terrorismo en todo el suelo nacional e invita a los que se involucraron a deponer las armas y aprender la lecci\u00f3n antes que sea tarde.<\/strong><\/p>\n<p><strong>Yamil K.<\/strong><\/p>\n","protected":false},"excerpt":{"rendered":"<p>Damasco-SANA La Comandancia General del Ej\u00e9rcito y las Fuerzas Armadas dijo que la toma de control de la localidad de Rabiaa constituir\u00e1 un punto de partida para el ej\u00e9rcito para erradicar a los remanentes de los grupos terroristas desplegados en el campo de la provincia de Lataka as\u00ed como un duro golpe a las organizaciones &hellip;<\/p>\n","protected":false},"author":1,"featured_media":37161,"comment_status":"closed","ping_status":"closed","sticky":false,"template":"","format":"standard","meta":{"footnotes":""},"categories":[573,476,583,7541],"tags":[],"class_list":["post-37160","post","type-post","status-publish","format-standard","has-post-thumbnail","","category-la-realidad-de-los-acontecimientos-en-siria","category-locales","category-slide","category-ultimas-noticias"],"_links":{"self":[{"href":"https:\/\/archive.sana.sy\/es\/index.php?rest_route=\/wp\/v2\/posts\/37160"}],"collection":[{"href":"https:\/\/archive.sana.sy\/es\/index.php?rest_route=\/wp\/v2\/posts"}],"about":[{"href":"https:\/\/archive.sana.sy\/es\/index.php?rest_route=\/wp\/v2\/types\/post"}],"author":[{"embeddable":true,"href":"https:\/\/archive.sana.sy\/es\/index.php?rest_route=\/wp\/v2\/users\/1"}],"replies":[{"embeddable":true,"href":"https:\/\/archive.sana.sy\/es\/index.php?rest_route=%2Fwp%2Fv2%2Fcomments&post=37160"}],"version-history":[{"count":0,"href":"https:\/\/archive.sana.sy\/es\/index.php?rest_route=\/wp\/v2\/posts\/37160\/revisions"}],"wp:featuredmedia":[{"embeddable":true,"href":"https:\/\/archive.sana.sy\/es\/index.php?rest_route=\/wp\/v2\/media\/37161"}],"wp:attachment":[{"href":"https:\/\/archive.sana.sy\/es\/index.php?rest_route=%2Fwp%2Fv2%2Fmedia&parent=37160"}],"wp:term":[{"taxonomy":"category","embeddable":true,"href":"https:\/\/archive.sana.sy\/es\/index.php?rest_route=%2Fwp%2Fv2%2Fcategories&post=37160"},{"taxonomy":"post_tag","embeddable":true,"href":"https:\/\/archive.sana.sy\/es\/index.php?rest_route=%2Fwp%2Fv2%2Ftags&post=37160"}],"curies":[{"name":"wp","href":"https:\/\/api.w.org\/{rel}","templated":true}]}}