{"id":37192,"date":"2016-01-25T19:39:55","date_gmt":"2016-01-25T17:39:55","guid":{"rendered":"http:\/\/www.sana.sy\/es\/?p=37192"},"modified":"2016-01-25T19:39:55","modified_gmt":"2016-01-25T17:39:55","slug":"lavrov-y-kerry-afirman-necesidad-de-lanzar-las-conversaciones-intrasirios","status":"publish","type":"post","link":"https:\/\/archive.sana.sy\/es\/?p=37192","title":{"rendered":"Lavrov y Kerry afirman necesidad de lanzar las conversaciones intrasirios"},"content":{"rendered":"<p>Mosc\u00fa-SANA<\/p>\n<p>Los cancilleres de Rusia y Estados Unidos, analizaron en un contacto telef\u00f3nico los preparativos para la prevista conferencia de paz sobre Siria, Ginebra 3.<\/p>\n<p>La canciller\u00eda rusa, emiti\u00f3 un comunicado en el cual dijo que Lavrov, subray\u00f3 la necesidad de que todas las partes act\u00faen con sinceridad a la hora de aplicar los art\u00edculos de la resoluci\u00f3n del consejo de seguridad de la ONU, n\u00famero 2254, incluyendo el tema de la formaci\u00f3n de la delegaci\u00f3n de la oposici\u00f3n y la formaci\u00f3n de un frente unido de lucha contra el terrorismo, as\u00ed como el cese al fuego, la situaci\u00f3n humanitaria y las reformas pol\u00edticas en base de los acuerdos por alcanzar entre el gobierno y la oposici\u00f3n.<\/p>\n<p>Yamil K.<\/p>\n","protected":false},"excerpt":{"rendered":"<p>Mosc\u00fa-SANA Los cancilleres de Rusia y Estados Unidos, analizaron en un contacto telef\u00f3nico los preparativos para la prevista conferencia de paz sobre Siria, Ginebra 3. La canciller\u00eda rusa, emiti\u00f3 un comunicado en el cual dijo que Lavrov, subray\u00f3 la necesidad de que todas las partes act\u00faen con sinceridad a la hora de aplicar los art\u00edculos &hellip;<\/p>\n","protected":false},"author":1,"featured_media":37193,"comment_status":"closed","ping_status":"closed","sticky":false,"template":"","format":"standard","meta":{"footnotes":""},"categories":[456,457,7541],"tags":[],"class_list":["post-37192","post","type-post","status-publish","format-standard","has-post-thumbnail","","category-arabe-internacional-politica","category-noticias-arabe-internacional-politica","category-ultimas-noticias"],"_links":{"self":[{"href":"https:\/\/archive.sana.sy\/es\/index.php?rest_route=\/wp\/v2\/posts\/37192"}],"collection":[{"href":"https:\/\/archive.sana.sy\/es\/index.php?rest_route=\/wp\/v2\/posts"}],"about":[{"href":"https:\/\/archive.sana.sy\/es\/index.php?rest_route=\/wp\/v2\/types\/post"}],"author":[{"embeddable":true,"href":"https:\/\/archive.sana.sy\/es\/index.php?rest_route=\/wp\/v2\/users\/1"}],"replies":[{"embeddable":true,"href":"https:\/\/archive.sana.sy\/es\/index.php?rest_route=%2Fwp%2Fv2%2Fcomments&post=37192"}],"version-history":[{"count":0,"href":"https:\/\/archive.sana.sy\/es\/index.php?rest_route=\/wp\/v2\/posts\/37192\/revisions"}],"wp:featuredmedia":[{"embeddable":true,"href":"https:\/\/archive.sana.sy\/es\/index.php?rest_route=\/wp\/v2\/media\/37193"}],"wp:attachment":[{"href":"https:\/\/archive.sana.sy\/es\/index.php?rest_route=%2Fwp%2Fv2%2Fmedia&parent=37192"}],"wp:term":[{"taxonomy":"category","embeddable":true,"href":"https:\/\/archive.sana.sy\/es\/index.php?rest_route=%2Fwp%2Fv2%2Fcategories&post=37192"},{"taxonomy":"post_tag","embeddable":true,"href":"https:\/\/archive.sana.sy\/es\/index.php?rest_route=%2Fwp%2Fv2%2Ftags&post=37192"}],"curies":[{"name":"wp","href":"https:\/\/api.w.org\/{rel}","templated":true}]}}