{"id":3723,"date":"2014-06-28T23:10:22","date_gmt":"2014-06-28T20:10:22","guid":{"rendered":"http:\/\/www.sana.sy\/es\/?p=3723"},"modified":"2023-01-09T14:10:49","modified_gmt":"2023-01-09T12:10:49","slug":"la-iglesia-greco-catolica-de-antioquia-y-todo-oriente-exhorta-a-la-comunidad-internacional-para-llevar-la-paz-en-siria","status":"publish","type":"post","link":"https:\/\/archive.sana.sy\/es\/?p=3723","title":{"rendered":"La Iglesia greco-ortodoxa de Antioqu\u00eda y todo el Oriente exhorta a la comunidad internacional para llevar la paz en Siria"},"content":{"rendered":"<p style=\"text-align: justify\"><span style=\"color: #800000\"><strong>Damasco, SANA<\/strong><\/span><\/p>\n<p style=\"text-align: justify\"><strong>La Iglesia greco-ortodoxa de Antioqu\u00eda y todo el Oriente en una conferencia exhort\u00f3 a la comunidad internacional a hacer los esfuerzos para llevar la paz a Siria y Oriente, as\u00ed como para garantizar la seguridad de todo el mundo.<\/strong><\/p>\n<p style=\"text-align: justify\"><strong>En un comunicado, la Iglesia dijo que los cristianos permanecer\u00e1n en la regi\u00f3n junto con sus hermanos musulmanes a pesar de los movimientos y mentalidades takfiristas y extremistas.<\/strong><\/p>\n<p style=\"text-align: justify\"><strong>La conferencia tambi\u00e9n llam\u00f3 a ejercer todos los esfuerzos posibles para liberar a los secuestrados, en particular los obispos John Ibrahim y Paul Yazigi, que fueron secuestrados por terroristas en abril del a\u00f1o 2013.<\/strong><\/p>\n<p style=\"text-align: justify\"><strong><span style=\"color: #0000ff\">Ghifar Al., Riyad Sh.<\/span><\/strong><\/p>\n","protected":false},"excerpt":{"rendered":"<p>Damasco, SANA La Iglesia greco-ortodoxa de Antioqu\u00eda y todo el Oriente en una conferencia exhort\u00f3 a la comunidad internacional a hacer los esfuerzos para llevar la paz a Siria y Oriente, as\u00ed como para garantizar la seguridad de todo el mundo. En un comunicado, la Iglesia dijo que los cristianos permanecer\u00e1n en la regi\u00f3n junto &hellip;<\/p>\n","protected":false},"author":1,"featured_media":3724,"comment_status":"closed","ping_status":"closed","sticky":false,"template":"","format":"standard","meta":{"footnotes":""},"categories":[597,476],"tags":[866],"class_list":["post-3723","post","type-post","status-publish","format-standard","has-post-thumbnail","","category-cinta-de-noticias","category-locales","tag-la-iglesia-greco-ortodoxa-de-antioquia-y-todo-el-oriente-exhorta-a-la-comunidad-internacional-para-llevar-la-paz-en-siria"],"_links":{"self":[{"href":"https:\/\/archive.sana.sy\/es\/index.php?rest_route=\/wp\/v2\/posts\/3723"}],"collection":[{"href":"https:\/\/archive.sana.sy\/es\/index.php?rest_route=\/wp\/v2\/posts"}],"about":[{"href":"https:\/\/archive.sana.sy\/es\/index.php?rest_route=\/wp\/v2\/types\/post"}],"author":[{"embeddable":true,"href":"https:\/\/archive.sana.sy\/es\/index.php?rest_route=\/wp\/v2\/users\/1"}],"replies":[{"embeddable":true,"href":"https:\/\/archive.sana.sy\/es\/index.php?rest_route=%2Fwp%2Fv2%2Fcomments&post=3723"}],"version-history":[{"count":0,"href":"https:\/\/archive.sana.sy\/es\/index.php?rest_route=\/wp\/v2\/posts\/3723\/revisions"}],"wp:featuredmedia":[{"embeddable":true,"href":"https:\/\/archive.sana.sy\/es\/index.php?rest_route=\/wp\/v2\/media\/3724"}],"wp:attachment":[{"href":"https:\/\/archive.sana.sy\/es\/index.php?rest_route=%2Fwp%2Fv2%2Fmedia&parent=3723"}],"wp:term":[{"taxonomy":"category","embeddable":true,"href":"https:\/\/archive.sana.sy\/es\/index.php?rest_route=%2Fwp%2Fv2%2Fcategories&post=3723"},{"taxonomy":"post_tag","embeddable":true,"href":"https:\/\/archive.sana.sy\/es\/index.php?rest_route=%2Fwp%2Fv2%2Ftags&post=3723"}],"curies":[{"name":"wp","href":"https:\/\/api.w.org\/{rel}","templated":true}]}}