{"id":37257,"date":"2016-01-26T18:09:17","date_gmt":"2016-01-26T16:09:17","guid":{"rendered":"http:\/\/www.sana.sy\/es\/?p=37257"},"modified":"2016-01-26T20:17:36","modified_gmt":"2016-01-26T18:17:36","slug":"siria-e-irak-destacan-necesidad-de-coordinacion-bilateral-para-erradicar-el-terrorismo","status":"publish","type":"post","link":"https:\/\/archive.sana.sy\/es\/?p=37257","title":{"rendered":"Siria e Irak destacan necesidad de coordinaci\u00f3n bilateral para erradicar el terrorismo"},"content":{"rendered":"<p style=\"text-align: justify\"><span style=\"color: #800000\">Bagdad, SANA-\u00a0<\/span>El presidente iraqu\u00ed, Fuad Maasoum se reuni\u00f3 este martes con el presidente de la Asamblea del Pueblo sirio, Mohamad Yihad al-Laham en la capital iraqu\u00ed Bagdad al margen de la XI Conferencia de la Uni\u00f3n Interparlamentaria de los Pa\u00edses Isl\u00e1micos (UIPI).<\/p>\n<p style=\"text-align: justify\">El mandatario iraqu\u00ed destac\u00f3 la importancia de la cooperaci\u00f3n entra Siria e Irak para erradicar a las organizaciones terroristas, especialmente la del Estado Isl\u00e1mico, expresando su confianza en que ambos pa\u00edses amigos triunfar\u00e1n en su guerra contra los criminales y terroristas.<\/p>\n<p style=\"text-align: justify\">Maasum resalt\u00f3 la importancia de la participaci\u00f3n de Siria en la conferencia de la UIPI, expresando su confianza en la capacidad del pueblo sirio de reconstruir a su pa\u00eds.<\/p>\n<p style=\"text-align: justify\">A su vez, al-Laham reiter\u00f3 la necesidad de la coordinaci\u00f3n entre los dos pa\u00edses en materia de la lucha contra el terrorismo apoyado.<\/p>\n<p style=\"text-align: justify\">Asimismo dijo que el terrorismo que est\u00e1 cobr\u00e1ndose la vida de los inocentes en Siria e Irak, y destruyendo la civilizaci\u00f3n hist\u00f3rica de la humanidad no se separa de la campa\u00f1a medi\u00e1tica lanzada por algunos canales regionales para tergiversar las realidades y exculpar a los terroristas.<\/p>\n<p style=\"text-align: justify\">Denunci\u00f3 la injerencia practicada por algunos pa\u00edses regionales como Turqu\u00eda, Arabia Saudita y Qatar en los asuntos internos de Siria.<\/p>\n<p style=\"text-align: justify\">El Presidente del Parlamento sirio enfatiz\u00f3 que le corresponde solamente al pueblo sirio el derecho de determinar su propio futuro, e hizo una panor\u00e1mica sobre los important\u00edsimos avances logrados por el ej\u00e9rcito sirio en su guerra contra el terrorismo.<\/p>\n<p>Lynn A.<\/p>\n","protected":false},"excerpt":{"rendered":"<p>Bagdad, SANA-\u00a0El presidente iraqu\u00ed, Fuad Maasoum se reuni\u00f3 este martes con el presidente de la Asamblea del Pueblo sirio, Mohamad Yihad al-Laham en la capital iraqu\u00ed Bagdad al margen de la XI Conferencia de la Uni\u00f3n Interparlamentaria de los Pa\u00edses Isl\u00e1micos (UIPI). El mandatario iraqu\u00ed destac\u00f3 la importancia de la cooperaci\u00f3n entra Siria e Irak &hellip;<\/p>\n","protected":false},"author":24,"featured_media":37258,"comment_status":"closed","ping_status":"closed","sticky":false,"template":"","format":"standard","meta":{"footnotes":""},"categories":[467,7541],"tags":[],"class_list":["post-37257","post","type-post","status-publish","format-standard","has-post-thumbnail","","category-siria-y-el-mundo","category-ultimas-noticias"],"_links":{"self":[{"href":"https:\/\/archive.sana.sy\/es\/index.php?rest_route=\/wp\/v2\/posts\/37257"}],"collection":[{"href":"https:\/\/archive.sana.sy\/es\/index.php?rest_route=\/wp\/v2\/posts"}],"about":[{"href":"https:\/\/archive.sana.sy\/es\/index.php?rest_route=\/wp\/v2\/types\/post"}],"author":[{"embeddable":true,"href":"https:\/\/archive.sana.sy\/es\/index.php?rest_route=\/wp\/v2\/users\/24"}],"replies":[{"embeddable":true,"href":"https:\/\/archive.sana.sy\/es\/index.php?rest_route=%2Fwp%2Fv2%2Fcomments&post=37257"}],"version-history":[{"count":0,"href":"https:\/\/archive.sana.sy\/es\/index.php?rest_route=\/wp\/v2\/posts\/37257\/revisions"}],"wp:featuredmedia":[{"embeddable":true,"href":"https:\/\/archive.sana.sy\/es\/index.php?rest_route=\/wp\/v2\/media\/37258"}],"wp:attachment":[{"href":"https:\/\/archive.sana.sy\/es\/index.php?rest_route=%2Fwp%2Fv2%2Fmedia&parent=37257"}],"wp:term":[{"taxonomy":"category","embeddable":true,"href":"https:\/\/archive.sana.sy\/es\/index.php?rest_route=%2Fwp%2Fv2%2Fcategories&post=37257"},{"taxonomy":"post_tag","embeddable":true,"href":"https:\/\/archive.sana.sy\/es\/index.php?rest_route=%2Fwp%2Fv2%2Ftags&post=37257"}],"curies":[{"name":"wp","href":"https:\/\/api.w.org\/{rel}","templated":true}]}}