{"id":37264,"date":"2016-01-26T19:09:00","date_gmt":"2016-01-26T17:09:00","guid":{"rendered":"http:\/\/www.sana.sy\/es\/?p=37264"},"modified":"2016-01-26T20:25:49","modified_gmt":"2016-01-26T18:25:49","slug":"oms-y-unicef-ningun-caso-de-polio-se-ha-registrado-en-siria-desde-2014","status":"publish","type":"post","link":"https:\/\/archive.sana.sy\/es\/?p=37264","title":{"rendered":"OMS y UNICEF: ning\u00fan caso de polio se ha registrado en Siria desde 2014"},"content":{"rendered":"<p style=\"text-align: justify\"><span style=\"color: #800000\">Damasco, SANA<\/span>&#8211; Un comunicado conjunto de la Organizaci\u00f3n Mundial de Salud (OMS) y el Fondo para la Infancia de las Naciones Unidas (UNICEF) inform\u00f3 que ning\u00fan caso de polio se ha registrado en Siria desde dos a\u00f1os.<\/p>\n<p style=\"text-align: justify\">Aclar\u00f3 que el logro de frenar la polio que reapareci\u00f3 en Siria en el a\u00f1o 2013 se ha realizado gracias a las sucesivas y amplias campa\u00f1as de vacunaciones que alanzaron m\u00e1s de dos millones y 900 mil ni\u00f1os menores de cinco a\u00f1os.<\/p>\n<p style=\"text-align: justify\">En este contexto, la representante de la OMS en Siria, Elizabeth Hoff expres\u00f3 su satisfacci\u00f3n por el hecho de que Siria logr\u00f3 evadir la reaparici\u00f3n de nuevos casos de polio durante los \u00faltimos dos a\u00f1os.<\/p>\n<p style=\"text-align: justify\">Hoff se\u00f1al\u00f3 que su OMS suministr\u00f3 apoyo t\u00e9cnico necesario para el lanzamiento de 17 jornadas de vacunaci\u00f3n anti polio.<\/p>\n<p style=\"text-align: justify\">A su vez, Hanaa Sanjar, representante del UNICEF en Siria se\u00f1al\u00f3 que su organizaci\u00f3n envi\u00f3 desde 2013 cera de 45 millones de vacunas para inmunizar a los ni\u00f1os menores de cinco a\u00f1os de la polio.<\/p>\n<p style=\"text-align: justify\">Por su parte, el ministro de Salud, Nizar Yazayi destac\u00f3 los enormes esfuerzos realizados por su ministerio para hacer frente a esta epidemia, confirmando que ning\u00fan caso de polio surgi\u00f3 en Siria desde la fecha de 21 de enero de 2014.<\/p>\n<p style=\"text-align: justify\">Cabe destacar que Siria permaneci\u00f3 libre de la polio desde 1995 hasta octubre del a\u00f1o 2013, donde los primeros casos se han marcado en la provincia nororiental de Deir Ezzor.<\/p>\n<p>Lynn A.<\/p>\n","protected":false},"excerpt":{"rendered":"<p>Damasco, SANA&#8211; Un comunicado conjunto de la Organizaci\u00f3n Mundial de Salud (OMS) y el Fondo para la Infancia de las Naciones Unidas (UNICEF) inform\u00f3 que ning\u00fan caso de polio se ha registrado en Siria desde dos a\u00f1os. Aclar\u00f3 que el logro de frenar la polio que reapareci\u00f3 en Siria en el a\u00f1o 2013 se ha &hellip;<\/p>\n","protected":false},"author":24,"featured_media":31441,"comment_status":"closed","ping_status":"closed","sticky":false,"template":"","format":"standard","meta":{"footnotes":""},"categories":[477,476,7541],"tags":[],"class_list":["post-37264","post","type-post","status-publish","format-standard","has-post-thumbnail","","category-noticias-edulcorantes","category-locales","category-ultimas-noticias"],"_links":{"self":[{"href":"https:\/\/archive.sana.sy\/es\/index.php?rest_route=\/wp\/v2\/posts\/37264"}],"collection":[{"href":"https:\/\/archive.sana.sy\/es\/index.php?rest_route=\/wp\/v2\/posts"}],"about":[{"href":"https:\/\/archive.sana.sy\/es\/index.php?rest_route=\/wp\/v2\/types\/post"}],"author":[{"embeddable":true,"href":"https:\/\/archive.sana.sy\/es\/index.php?rest_route=\/wp\/v2\/users\/24"}],"replies":[{"embeddable":true,"href":"https:\/\/archive.sana.sy\/es\/index.php?rest_route=%2Fwp%2Fv2%2Fcomments&post=37264"}],"version-history":[{"count":0,"href":"https:\/\/archive.sana.sy\/es\/index.php?rest_route=\/wp\/v2\/posts\/37264\/revisions"}],"wp:featuredmedia":[{"embeddable":true,"href":"https:\/\/archive.sana.sy\/es\/index.php?rest_route=\/wp\/v2\/media\/31441"}],"wp:attachment":[{"href":"https:\/\/archive.sana.sy\/es\/index.php?rest_route=%2Fwp%2Fv2%2Fmedia&parent=37264"}],"wp:term":[{"taxonomy":"category","embeddable":true,"href":"https:\/\/archive.sana.sy\/es\/index.php?rest_route=%2Fwp%2Fv2%2Fcategories&post=37264"},{"taxonomy":"post_tag","embeddable":true,"href":"https:\/\/archive.sana.sy\/es\/index.php?rest_route=%2Fwp%2Fv2%2Ftags&post=37264"}],"curies":[{"name":"wp","href":"https:\/\/api.w.org\/{rel}","templated":true}]}}