{"id":37266,"date":"2016-01-26T23:03:19","date_gmt":"2016-01-26T21:03:19","guid":{"rendered":"http:\/\/www.sana.sy\/es\/?p=37266"},"modified":"2016-01-26T23:06:05","modified_gmt":"2016-01-26T21:06:05","slug":"siria-denuncia-ante-la-onu-ataques-terroristas-contra-la-ciudad-de-homs","status":"publish","type":"post","link":"https:\/\/archive.sana.sy\/es\/?p=37266","title":{"rendered":"Siria denuncia ante la ONU ataques terroristas contra la ciudad de Homs"},"content":{"rendered":"<p style=\"text-align: justify\"><span style=\"color: #800000\">Damasco, SANA<\/span>&#8211; El Ministerio de Exteriores y Expatriados denunci\u00f3 ante las Naciones Unidas los dos ataques terroristas contra el barrio al-Zahra\u00e1 en la ciudad de Homs.<\/p>\n<p style=\"text-align: justify\">En dos cartas que dirigi\u00f3 al presidente del Consejo de Seguridad y al Secretario General de las Naciones Unidas, canciller\u00eda explic\u00f3 sobre los ataques perpetrados por las organizaciones terroristas contra el barrio al-Zahra\u00e1 y que causaron la muerte de decenas de civiles a muerte y lesiones de decenas de ciudadanos.<\/p>\n<p style=\"text-align: justify\">En las cartas, Canciller\u00eda denunci\u00f3 que los grupos terroristas takfiristas atacaron el d\u00eda 26 de este mes en curso, con un coche bomba y un terrorista suicida la zona antes mencionada, causando la muerte de al menos 24 civiles, entre ellos ni\u00f1os, mujeres y ancianos, y heridas a otras 100 civiles, en su mayor\u00eda son ni\u00f1os y mujeres, adem\u00e1s de provocar da\u00f1os materiales en las propiedades p\u00fablicas y privadas.<\/p>\n<p style=\"text-align: justify\">Asimismo, denunci\u00f3 que el involucramiento de algunos estados regionales e internacionales en el apoyo a los grupos terroristas que atacan con todos tipos de armas a varias zonas de Siria, dejando a cientos de civiles entre muertos o heridos.<\/p>\n<p style=\"text-align: justify\">En sus cartas, el Ministerio de Exteriores asegur\u00f3 que Siria pide al Consejo de Seguridad una vez m\u00e1s, tomar medidas de disuasi\u00f3n contra las organizaciones terroristas y en contra de los pa\u00edses que los apoyan, patrocinan y financian, y alejarse del doble rasero al tratar con el tema del terrorismo y no ocultarse detr\u00e1s de excusas y argumentos obsoletos.<\/p>\n<p style=\"text-align: justify\">El Ministerio concluy\u00f3 sus cartas diciendo que Siria reafirma la importancia de que las Naciones Unidas adopte un enfoque global de la lucha contra el terrorismo de acuerdo con el derecho internacional y la Carta de las Naciones Unidas, y aunar los esfuerzos en la lucha contra el terrorismo y sus violaciones de la soberan\u00eda de las naciones y de evadir sus responsabilidades.<\/p>\n<p>M.Miri<\/p>\n","protected":false},"excerpt":{"rendered":"<p>Damasco, SANA&#8211; El Ministerio de Exteriores y Expatriados denunci\u00f3 ante las Naciones Unidas los dos ataques terroristas contra el barrio al-Zahra\u00e1 en la ciudad de Homs. En dos cartas que dirigi\u00f3 al presidente del Consejo de Seguridad y al Secretario General de las Naciones Unidas, canciller\u00eda explic\u00f3 sobre los ataques perpetrados por las organizaciones terroristas &hellip;<\/p>\n","protected":false},"author":1,"featured_media":37267,"comment_status":"closed","ping_status":"closed","sticky":false,"template":"","format":"standard","meta":{"footnotes":""},"categories":[477,476,467,583,7541],"tags":[7858],"class_list":["post-37266","post","type-post","status-publish","format-standard","has-post-thumbnail","","category-noticias-edulcorantes","category-locales","category-siria-y-el-mundo","category-slide","category-ultimas-noticias","tag-siria-denuncia-ante-la-onu-ataques-terroristas-contra-la-ciudad-de-homs"],"_links":{"self":[{"href":"https:\/\/archive.sana.sy\/es\/index.php?rest_route=\/wp\/v2\/posts\/37266"}],"collection":[{"href":"https:\/\/archive.sana.sy\/es\/index.php?rest_route=\/wp\/v2\/posts"}],"about":[{"href":"https:\/\/archive.sana.sy\/es\/index.php?rest_route=\/wp\/v2\/types\/post"}],"author":[{"embeddable":true,"href":"https:\/\/archive.sana.sy\/es\/index.php?rest_route=\/wp\/v2\/users\/1"}],"replies":[{"embeddable":true,"href":"https:\/\/archive.sana.sy\/es\/index.php?rest_route=%2Fwp%2Fv2%2Fcomments&post=37266"}],"version-history":[{"count":0,"href":"https:\/\/archive.sana.sy\/es\/index.php?rest_route=\/wp\/v2\/posts\/37266\/revisions"}],"wp:featuredmedia":[{"embeddable":true,"href":"https:\/\/archive.sana.sy\/es\/index.php?rest_route=\/wp\/v2\/media\/37267"}],"wp:attachment":[{"href":"https:\/\/archive.sana.sy\/es\/index.php?rest_route=%2Fwp%2Fv2%2Fmedia&parent=37266"}],"wp:term":[{"taxonomy":"category","embeddable":true,"href":"https:\/\/archive.sana.sy\/es\/index.php?rest_route=%2Fwp%2Fv2%2Fcategories&post=37266"},{"taxonomy":"post_tag","embeddable":true,"href":"https:\/\/archive.sana.sy\/es\/index.php?rest_route=%2Fwp%2Fv2%2Ftags&post=37266"}],"curies":[{"name":"wp","href":"https:\/\/api.w.org\/{rel}","templated":true}]}}