{"id":37276,"date":"2016-01-26T19:53:47","date_gmt":"2016-01-26T17:53:47","guid":{"rendered":"http:\/\/www.sana.sy\/es\/?p=37276"},"modified":"2016-01-26T19:56:07","modified_gmt":"2016-01-26T17:56:07","slug":"37276","status":"publish","type":"post","link":"https:\/\/archive.sana.sy\/es\/?p=37276","title":{"rendered":"Mayor General Ayub inspecciona unidades militares en la ciudad de Sheikh Meskin"},"content":{"rendered":"<p style=\"text-align: justify\"><span style=\"color: #800000\">Deraa, SANA<\/span>&#8211; El Jefe del Estado Mayor General del Ej\u00e9rcito y las Fuerzas Armadas, el general Ali Abdullah Ayub, inspeccion\u00f3 las fuerzas que operan en la ciudad de Sheikh Meskin en el norte de la provincia de Deraa y que fue recuperada por el ej\u00e9rcito sirio.<\/p>\n<p style=\"text-align: justify\">El alto mando militar efectu\u00f3 un recorrido en la ciudad liberada del terrorismo, donde se encontr\u00f3 con los combatientes sirios y les trasmiti\u00f3 el alto aprecio del presidente Bashar al-Assad a sus haza\u00f1as contra el terrorismo.<\/p>\n<p style=\"text-align: justify\">La visita de inspecci\u00f3n del general Ayub viene en cumplimiento de las instrucciones del Presidente Bashar Al Assad, comandante general del Ej\u00e9rcito y las Fuerzas Armadas.<\/p>\n<p style=\"text-align: justify\">Ayub congratul\u00f3 el hero\u00edsmo y el sacrificio de los hombres del Ej\u00e9rcito Sirio y la defensa Popular para salvar la regi\u00f3n de los terroristas y de los enemigos del pueblo y la patria, as\u00ed como dio sus orientaciones a los combatientes, confirmando la importancia de las santas tareas nacionales que est\u00e1n llevando a cabo en defensa de la patria.<\/p>\n<p style=\"text-align: justify\">Por su parte, los combatientes confirmaron su permanente disposici\u00f3n a personificar la voluntad de la patria hasta lograr la victoria final.<\/p>\n<p><a href=\"http:\/\/www.sana.sy\/es\/?attachment_id=37270\" rel=\"attachment wp-att-37270\"><img loading=\"lazy\" decoding=\"async\" class=\"alignnone size-medium wp-image-37270\" src=\"http:\/\/www.sana.sy\/es\/wp-content\/uploads\/2016\/01\/1960-300x216-300x216.jpg\" alt=\"1960-300x216\" width=\"300\" height=\"216\" srcset=\"https:\/\/archive.sana.sy\/es\/wp-content\/uploads\/2016\/01\/1960-300x216.jpg 300w, https:\/\/archive.sana.sy\/es\/wp-content\/uploads\/2016\/01\/1960-300x216-150x108.jpg 150w\" sizes=\"(max-width: 300px) 100vw, 300px\" \/><\/a>\u00a0<a href=\"http:\/\/www.sana.sy\/es\/?attachment_id=37271\" rel=\"attachment wp-att-37271\"><img loading=\"lazy\" decoding=\"async\" class=\"alignnone size-medium wp-image-37271\" src=\"http:\/\/www.sana.sy\/es\/wp-content\/uploads\/2016\/01\/2334-300x224-300x224.jpg\" alt=\"2334-300x224\" width=\"300\" height=\"224\" srcset=\"https:\/\/archive.sana.sy\/es\/wp-content\/uploads\/2016\/01\/2334-300x224.jpg 300w, https:\/\/archive.sana.sy\/es\/wp-content\/uploads\/2016\/01\/2334-300x224-150x112.jpg 150w\" sizes=\"(max-width: 300px) 100vw, 300px\" \/><\/a><br \/>\nFady M.,Hala B., Lynn A.<\/p>\n","protected":false},"excerpt":{"rendered":"<p>Deraa, SANA&#8211; El Jefe del Estado Mayor General del Ej\u00e9rcito y las Fuerzas Armadas, el general Ali Abdullah Ayub, inspeccion\u00f3 las fuerzas que operan en la ciudad de Sheikh Meskin en el norte de la provincia de Deraa y que fue recuperada por el ej\u00e9rcito sirio. El alto mando militar efectu\u00f3 un recorrido en la &hellip;<\/p>\n","protected":false},"author":1,"featured_media":37272,"comment_status":"closed","ping_status":"closed","sticky":false,"template":"","format":"standard","meta":{"footnotes":""},"categories":[477,476,583,7541],"tags":[7859],"class_list":["post-37276","post","type-post","status-publish","format-standard","has-post-thumbnail","","category-noticias-edulcorantes","category-locales","category-slide","category-ultimas-noticias","tag-mayor-general-ayub-inspecciona-unidades-militares-en-la-ciudad-de-sheikh-meskin"],"_links":{"self":[{"href":"https:\/\/archive.sana.sy\/es\/index.php?rest_route=\/wp\/v2\/posts\/37276"}],"collection":[{"href":"https:\/\/archive.sana.sy\/es\/index.php?rest_route=\/wp\/v2\/posts"}],"about":[{"href":"https:\/\/archive.sana.sy\/es\/index.php?rest_route=\/wp\/v2\/types\/post"}],"author":[{"embeddable":true,"href":"https:\/\/archive.sana.sy\/es\/index.php?rest_route=\/wp\/v2\/users\/1"}],"replies":[{"embeddable":true,"href":"https:\/\/archive.sana.sy\/es\/index.php?rest_route=%2Fwp%2Fv2%2Fcomments&post=37276"}],"version-history":[{"count":0,"href":"https:\/\/archive.sana.sy\/es\/index.php?rest_route=\/wp\/v2\/posts\/37276\/revisions"}],"wp:featuredmedia":[{"embeddable":true,"href":"https:\/\/archive.sana.sy\/es\/index.php?rest_route=\/wp\/v2\/media\/37272"}],"wp:attachment":[{"href":"https:\/\/archive.sana.sy\/es\/index.php?rest_route=%2Fwp%2Fv2%2Fmedia&parent=37276"}],"wp:term":[{"taxonomy":"category","embeddable":true,"href":"https:\/\/archive.sana.sy\/es\/index.php?rest_route=%2Fwp%2Fv2%2Fcategories&post=37276"},{"taxonomy":"post_tag","embeddable":true,"href":"https:\/\/archive.sana.sy\/es\/index.php?rest_route=%2Fwp%2Fv2%2Ftags&post=37276"}],"curies":[{"name":"wp","href":"https:\/\/api.w.org\/{rel}","templated":true}]}}