{"id":37299,"date":"2016-01-26T21:58:48","date_gmt":"2016-01-26T19:58:48","guid":{"rendered":"http:\/\/www.sana.sy\/es\/?p=37299"},"modified":"2016-01-26T21:58:48","modified_gmt":"2016-01-26T19:58:48","slug":"de-mistura-envia-invitaciones-para-participar-en-negociacion-sobre-siria","status":"publish","type":"post","link":"https:\/\/archive.sana.sy\/es\/?p=37299","title":{"rendered":"De Mistura env\u00eda invitaciones para participar en negociaci\u00f3n sobre Siria"},"content":{"rendered":"<p style=\"text-align: justify\"><span style=\"color: #800000\">Ginebra, SANA<\/span>&#8211; El enviado especial de la ONU para Siria, Staffan de Mistura, ha enviado este martes las invitaciones a las sirias convoc\u00e1ndoles para conversaciones este viernes 29 de enero en Ginebra, anunci\u00f3 la ONU.<\/p>\n<p style=\"text-align: justify\">Las conversaciones entre sirios comenzar\u00e1n el 29 de enero de 2016 en Ginebra y De Mistura ha enviado este martes las invitaciones en conformidad con la resoluci\u00f3n del Consejo de Seguridad de la ONU, N-2254 del a\u00f1o 2015, cit\u00f3 Reuters.<\/p>\n<p>M.Miri<\/p>\n","protected":false},"excerpt":{"rendered":"<p>Ginebra, SANA&#8211; El enviado especial de la ONU para Siria, Staffan de Mistura, ha enviado este martes las invitaciones a las sirias convoc\u00e1ndoles para conversaciones este viernes 29 de enero en Ginebra, anunci\u00f3 la ONU. Las conversaciones entre sirios comenzar\u00e1n el 29 de enero de 2016 en Ginebra y De Mistura ha enviado este martes &hellip;<\/p>\n","protected":false},"author":1,"featured_media":37300,"comment_status":"closed","ping_status":"closed","sticky":false,"template":"","format":"standard","meta":{"footnotes":""},"categories":[456,457,7541],"tags":[7861],"class_list":["post-37299","post","type-post","status-publish","format-standard","has-post-thumbnail","","category-arabe-internacional-politica","category-noticias-arabe-internacional-politica","category-ultimas-noticias","tag-de-mistura-envia-invitaciones-para-participar-en-negociacion-sobre-siria"],"_links":{"self":[{"href":"https:\/\/archive.sana.sy\/es\/index.php?rest_route=\/wp\/v2\/posts\/37299"}],"collection":[{"href":"https:\/\/archive.sana.sy\/es\/index.php?rest_route=\/wp\/v2\/posts"}],"about":[{"href":"https:\/\/archive.sana.sy\/es\/index.php?rest_route=\/wp\/v2\/types\/post"}],"author":[{"embeddable":true,"href":"https:\/\/archive.sana.sy\/es\/index.php?rest_route=\/wp\/v2\/users\/1"}],"replies":[{"embeddable":true,"href":"https:\/\/archive.sana.sy\/es\/index.php?rest_route=%2Fwp%2Fv2%2Fcomments&post=37299"}],"version-history":[{"count":0,"href":"https:\/\/archive.sana.sy\/es\/index.php?rest_route=\/wp\/v2\/posts\/37299\/revisions"}],"wp:featuredmedia":[{"embeddable":true,"href":"https:\/\/archive.sana.sy\/es\/index.php?rest_route=\/wp\/v2\/media\/37300"}],"wp:attachment":[{"href":"https:\/\/archive.sana.sy\/es\/index.php?rest_route=%2Fwp%2Fv2%2Fmedia&parent=37299"}],"wp:term":[{"taxonomy":"category","embeddable":true,"href":"https:\/\/archive.sana.sy\/es\/index.php?rest_route=%2Fwp%2Fv2%2Fcategories&post=37299"},{"taxonomy":"post_tag","embeddable":true,"href":"https:\/\/archive.sana.sy\/es\/index.php?rest_route=%2Fwp%2Fv2%2Ftags&post=37299"}],"curies":[{"name":"wp","href":"https:\/\/api.w.org\/{rel}","templated":true}]}}