{"id":37303,"date":"2016-01-26T23:03:17","date_gmt":"2016-01-26T21:03:17","guid":{"rendered":"http:\/\/www.sana.sy\/es\/?p=37303"},"modified":"2016-01-26T23:03:17","modified_gmt":"2016-01-26T21:03:17","slug":"bogdanov-las-conversaciones-de-ginebra-iii-son-inter-sirias","status":"publish","type":"post","link":"https:\/\/archive.sana.sy\/es\/?p=37303","title":{"rendered":"Bogdanov: las conversaciones de Ginebra III son inter-sirias"},"content":{"rendered":"<p style=\"text-align: justify\"><span style=\"color: #800000\">Mosc\u00fa, SANA<\/span>&#8211; El Representante Especial del Presidente de Rusia para Medio Oriente y \u00c1frica, el vicecanciller Mija\u00edl Bogd\u00e1nov, anunci\u00f3 que las conversaciones de Ginebra III\u00a0son inter-sirias y que los sirios son que tienen que decidir qui\u00e9n va a participar en dichas conversaciones.<\/p>\n<p style=\"text-align: justify\">Bogdanov agreg\u00f3 en su declaraci\u00f3n que la responsabilidad en cuanto a la formaci\u00f3n de la delegaci\u00f3n de la oposici\u00f3n recae sobre el Enviado de la ONU a Siria, Staffan de Mistura y no sobre Turqu\u00eda o Rusia.<\/p>\n<p style=\"text-align: justify\">Cabe se\u00f1alar que Las conversaciones entre sirios comenzar\u00e1n el 29 de enero de 2016 en Ginebra y De Mistura ha enviado este martes las invitaciones en conformidad con la resoluci\u00f3n del Consejo de Seguridad de la ONU, N-2254 del a\u00f1o 2015.<\/p>\n<p>M.Miri<\/p>\n","protected":false},"excerpt":{"rendered":"<p>Mosc\u00fa, SANA&#8211; El Representante Especial del Presidente de Rusia para Medio Oriente y \u00c1frica, el vicecanciller Mija\u00edl Bogd\u00e1nov, anunci\u00f3 que las conversaciones de Ginebra III\u00a0son inter-sirias y que los sirios son que tienen que decidir qui\u00e9n va a participar en dichas conversaciones. Bogdanov agreg\u00f3 en su declaraci\u00f3n que la responsabilidad en cuanto a la formaci\u00f3n &hellip;<\/p>\n","protected":false},"author":1,"featured_media":37304,"comment_status":"closed","ping_status":"closed","sticky":false,"template":"","format":"standard","meta":{"footnotes":""},"categories":[456,457,7541],"tags":[7862],"class_list":["post-37303","post","type-post","status-publish","format-standard","has-post-thumbnail","","category-arabe-internacional-politica","category-noticias-arabe-internacional-politica","category-ultimas-noticias","tag-bogdanov-las-conversaciones-de-ginebra-3-son-inter-sirias"],"_links":{"self":[{"href":"https:\/\/archive.sana.sy\/es\/index.php?rest_route=\/wp\/v2\/posts\/37303"}],"collection":[{"href":"https:\/\/archive.sana.sy\/es\/index.php?rest_route=\/wp\/v2\/posts"}],"about":[{"href":"https:\/\/archive.sana.sy\/es\/index.php?rest_route=\/wp\/v2\/types\/post"}],"author":[{"embeddable":true,"href":"https:\/\/archive.sana.sy\/es\/index.php?rest_route=\/wp\/v2\/users\/1"}],"replies":[{"embeddable":true,"href":"https:\/\/archive.sana.sy\/es\/index.php?rest_route=%2Fwp%2Fv2%2Fcomments&post=37303"}],"version-history":[{"count":0,"href":"https:\/\/archive.sana.sy\/es\/index.php?rest_route=\/wp\/v2\/posts\/37303\/revisions"}],"wp:featuredmedia":[{"embeddable":true,"href":"https:\/\/archive.sana.sy\/es\/index.php?rest_route=\/wp\/v2\/media\/37304"}],"wp:attachment":[{"href":"https:\/\/archive.sana.sy\/es\/index.php?rest_route=%2Fwp%2Fv2%2Fmedia&parent=37303"}],"wp:term":[{"taxonomy":"category","embeddable":true,"href":"https:\/\/archive.sana.sy\/es\/index.php?rest_route=%2Fwp%2Fv2%2Fcategories&post=37303"},{"taxonomy":"post_tag","embeddable":true,"href":"https:\/\/archive.sana.sy\/es\/index.php?rest_route=%2Fwp%2Fv2%2Ftags&post=37303"}],"curies":[{"name":"wp","href":"https:\/\/api.w.org\/{rel}","templated":true}]}}