{"id":37356,"date":"2016-01-27T16:52:24","date_gmt":"2016-01-27T14:52:24","guid":{"rendered":"http:\/\/www.sana.sy\/es\/?p=37356"},"modified":"2016-01-27T16:52:24","modified_gmt":"2016-01-27T14:52:24","slug":"lavrov-debate-con-fabius-los-preparativos-de-las-conversaciones-intersirios-de-ginebra","status":"publish","type":"post","link":"https:\/\/archive.sana.sy\/es\/?p=37356","title":{"rendered":"Lavrov debate con Fabius los preparativos de las conversaciones intersirios de Ginebra"},"content":{"rendered":"<p><span style=\"color: #800000\">Mosc\u00fa, SANA<\/span><\/p>\n<p>El canciller ruso, Serguei Lavrov debati\u00f3 por tel\u00e9fono con su hom\u00f3logo franc\u00e9s, Laurent Fabius los preparativos de las conversaciones intersirias que se desarrollar\u00e1n el pr\u00f3ximo viernes en Ginebra.<\/p>\n<p>La Canciller\u00eda rusa inform\u00f3 en un comunicado emitido este mi\u00e9rcoles que Lavrov y Fabius examinaron durante la conversaci\u00f3n telef\u00f3nica las cuestiones urgentes marcadas en la agenda de los preparativos del di\u00e1logo intersirio que se lanzar\u00e1 pasado ma\u00f1ana entre el Gobierno sirio y la oposici\u00f3n bajo el auspicio de las Naciones Unidas.<\/p>\n<p>Cabe destacar que las conversaciones intersirios se realizar\u00e1n en Ginebra a base de la resoluci\u00f3n del Consejo de Seguridad de la ONU No. 2254 relativo a la soluci\u00f3n de la crisis siria, que excluye a las organizaciones terroristas de cualquier arreglo pol\u00edtico, as\u00ed como recalca en el derecho de los sirios a la autodeterminaci\u00f3n.<\/p>\n<p>&nbsp;<\/p>\n<p>&nbsp;<br \/>\nLynn A.<\/p>\n","protected":false},"excerpt":{"rendered":"<p>Mosc\u00fa, SANA El canciller ruso, Serguei Lavrov debati\u00f3 por tel\u00e9fono con su hom\u00f3logo franc\u00e9s, Laurent Fabius los preparativos de las conversaciones intersirias que se desarrollar\u00e1n el pr\u00f3ximo viernes en Ginebra. La Canciller\u00eda rusa inform\u00f3 en un comunicado emitido este mi\u00e9rcoles que Lavrov y Fabius examinaron durante la conversaci\u00f3n telef\u00f3nica las cuestiones urgentes marcadas en la &hellip;<\/p>\n","protected":false},"author":24,"featured_media":37357,"comment_status":"closed","ping_status":"closed","sticky":false,"template":"","format":"standard","meta":{"footnotes":""},"categories":[597,576,467,7541],"tags":[],"class_list":["post-37356","post","type-post","status-publish","format-standard","has-post-thumbnail","","category-cinta-de-noticias","category-noticias-politicas","category-siria-y-el-mundo","category-ultimas-noticias"],"_links":{"self":[{"href":"https:\/\/archive.sana.sy\/es\/index.php?rest_route=\/wp\/v2\/posts\/37356"}],"collection":[{"href":"https:\/\/archive.sana.sy\/es\/index.php?rest_route=\/wp\/v2\/posts"}],"about":[{"href":"https:\/\/archive.sana.sy\/es\/index.php?rest_route=\/wp\/v2\/types\/post"}],"author":[{"embeddable":true,"href":"https:\/\/archive.sana.sy\/es\/index.php?rest_route=\/wp\/v2\/users\/24"}],"replies":[{"embeddable":true,"href":"https:\/\/archive.sana.sy\/es\/index.php?rest_route=%2Fwp%2Fv2%2Fcomments&post=37356"}],"version-history":[{"count":0,"href":"https:\/\/archive.sana.sy\/es\/index.php?rest_route=\/wp\/v2\/posts\/37356\/revisions"}],"wp:featuredmedia":[{"embeddable":true,"href":"https:\/\/archive.sana.sy\/es\/index.php?rest_route=\/wp\/v2\/media\/37357"}],"wp:attachment":[{"href":"https:\/\/archive.sana.sy\/es\/index.php?rest_route=%2Fwp%2Fv2%2Fmedia&parent=37356"}],"wp:term":[{"taxonomy":"category","embeddable":true,"href":"https:\/\/archive.sana.sy\/es\/index.php?rest_route=%2Fwp%2Fv2%2Fcategories&post=37356"},{"taxonomy":"post_tag","embeddable":true,"href":"https:\/\/archive.sana.sy\/es\/index.php?rest_route=%2Fwp%2Fv2%2Ftags&post=37356"}],"curies":[{"name":"wp","href":"https:\/\/api.w.org\/{rel}","templated":true}]}}