{"id":37374,"date":"2016-01-27T19:35:24","date_gmt":"2016-01-27T17:35:24","guid":{"rendered":"http:\/\/www.sana.sy\/es\/?p=37374"},"modified":"2016-01-27T19:35:24","modified_gmt":"2016-01-27T17:35:24","slug":"bogdanov-y-abdullahina-debatieron-la-situacion-en-siria-segun-la-cancilleria-rusa","status":"publish","type":"post","link":"https:\/\/archive.sana.sy\/es\/?p=37374","title":{"rendered":"Bogdanov y Abdullahina debatieron la situaci\u00f3n en Siria, seg\u00fan la Canciller\u00eda Rusa"},"content":{"rendered":"<p style=\"text-align: justify\"><span style=\"color: #800000\">Mosc\u00fa, SANA<\/span>&#8211; El vicecanciller ruso, Mijael Bogdanov examin\u00f3 hoy el martes durante una conversaci\u00f3n telef\u00f3nica con su hom\u00f3logo iran\u00ed, Hossein Emir Abdullahian varios temas relacionados regionales, en particular, la crisis de Siria.<\/p>\n<p style=\"text-align: justify\">Seg\u00fan la agencia de noticias \u00a8 sputniknews\u00a8 ambas partes se han intercambiado las opiniones relativas a buscar un arreglo pol\u00edtico a la crisi siria, en conformidad las resoluciones del Grupo Internacional de Apoyo a Siria (GIAS) y del Consejo de Seguridad N-2254.<\/p>\n<p style=\"text-align: justify\">Es de se\u00f1alar que el pasado 6 de este mes, ambas partes tuvieron una conversaci\u00f3n telef\u00f3nica, en la cual se discutieron los \u00faltimos acontecimientos en la regi\u00f3n y la manera de poner en pr\u00e1ctica los \u00faltimos acuerdos relacionados con el problema sirio.<\/p>\n<p>M.Miri<\/p>\n","protected":false},"excerpt":{"rendered":"<p>Mosc\u00fa, SANA&#8211; El vicecanciller ruso, Mijael Bogdanov examin\u00f3 hoy el martes durante una conversaci\u00f3n telef\u00f3nica con su hom\u00f3logo iran\u00ed, Hossein Emir Abdullahian varios temas relacionados regionales, en particular, la crisis de Siria. Seg\u00fan la agencia de noticias \u00a8 sputniknews\u00a8 ambas partes se han intercambiado las opiniones relativas a buscar un arreglo pol\u00edtico a la crisi &hellip;<\/p>\n","protected":false},"author":1,"featured_media":37375,"comment_status":"closed","ping_status":"closed","sticky":false,"template":"","format":"standard","meta":{"footnotes":""},"categories":[467,7541],"tags":[7872,7841],"class_list":["post-37374","post","type-post","status-publish","format-standard","has-post-thumbnail","","category-siria-y-el-mundo","category-ultimas-noticias","tag-bogdanov-y-abdullahina-debatieron-la-situacion-en-siria","tag-segun-la-cancilleria-rusa"],"_links":{"self":[{"href":"https:\/\/archive.sana.sy\/es\/index.php?rest_route=\/wp\/v2\/posts\/37374"}],"collection":[{"href":"https:\/\/archive.sana.sy\/es\/index.php?rest_route=\/wp\/v2\/posts"}],"about":[{"href":"https:\/\/archive.sana.sy\/es\/index.php?rest_route=\/wp\/v2\/types\/post"}],"author":[{"embeddable":true,"href":"https:\/\/archive.sana.sy\/es\/index.php?rest_route=\/wp\/v2\/users\/1"}],"replies":[{"embeddable":true,"href":"https:\/\/archive.sana.sy\/es\/index.php?rest_route=%2Fwp%2Fv2%2Fcomments&post=37374"}],"version-history":[{"count":0,"href":"https:\/\/archive.sana.sy\/es\/index.php?rest_route=\/wp\/v2\/posts\/37374\/revisions"}],"wp:featuredmedia":[{"embeddable":true,"href":"https:\/\/archive.sana.sy\/es\/index.php?rest_route=\/wp\/v2\/media\/37375"}],"wp:attachment":[{"href":"https:\/\/archive.sana.sy\/es\/index.php?rest_route=%2Fwp%2Fv2%2Fmedia&parent=37374"}],"wp:term":[{"taxonomy":"category","embeddable":true,"href":"https:\/\/archive.sana.sy\/es\/index.php?rest_route=%2Fwp%2Fv2%2Fcategories&post=37374"},{"taxonomy":"post_tag","embeddable":true,"href":"https:\/\/archive.sana.sy\/es\/index.php?rest_route=%2Fwp%2Fv2%2Ftags&post=37374"}],"curies":[{"name":"wp","href":"https:\/\/api.w.org\/{rel}","templated":true}]}}