{"id":37378,"date":"2016-01-27T19:52:28","date_gmt":"2016-01-27T17:52:28","guid":{"rendered":"http:\/\/www.sana.sy\/es\/?p=37378"},"modified":"2016-01-27T19:53:21","modified_gmt":"2016-01-27T17:53:21","slug":"no-se-sabe-quien-presidira-la-delegacion-del-gobierno-sirio-segun-gatilov","status":"publish","type":"post","link":"https:\/\/archive.sana.sy\/es\/?p=37378","title":{"rendered":"No se sabe qui\u00e9n presidir\u00e1 la delegaci\u00f3n del Gobierno Sirio, Seg\u00fan Gatilov"},"content":{"rendered":"<p style=\"text-align: justify\"><span style=\"color: #800000\">Mosc\u00fa, SANA<\/span>&#8211; \u201cNo se sabe qui\u00e9n va a presidir la delegaci\u00f3n del Gobierno Sirio para asistir a las conversaciones de Ginebra el pr\u00f3ximo viernes, pero la invitaci\u00f3n se dirigi\u00f3 al canciller sirio Walid al-Moalen,\u201d dijo el Vicecanciller ruso, Gennady Gatilov.<\/p>\n<p style=\"text-align: justify\">Gatilov agreg\u00f3 que el Enviado Especial de ONU a Siria, Staffan De Mistura, invito al Canciller Sirio, seg\u00fan inform\u00f3 el canal televisivo Rusia Hoy.<\/p>\n<p style=\"text-align: justify\">Cabe se\u00f1alar que el Enviado Especial de la ONU para Siria, Staffan de Mistura, ha enviado el martes las invitaciones a las sirias convoc\u00e1ndoles para conversaciones este viernes 29 de enero en Ginebra, seg\u00fan anunci\u00f3 la ONU.<\/p>\n<p>M.Miri<\/p>\n","protected":false},"excerpt":{"rendered":"<p>Mosc\u00fa, SANA&#8211; \u201cNo se sabe qui\u00e9n va a presidir la delegaci\u00f3n del Gobierno Sirio para asistir a las conversaciones de Ginebra el pr\u00f3ximo viernes, pero la invitaci\u00f3n se dirigi\u00f3 al canciller sirio Walid al-Moalen,\u201d dijo el Vicecanciller ruso, Gennady Gatilov. Gatilov agreg\u00f3 que el Enviado Especial de ONU a Siria, Staffan De Mistura, invito al &hellip;<\/p>\n","protected":false},"author":1,"featured_media":37380,"comment_status":"closed","ping_status":"closed","sticky":false,"template":"","format":"standard","meta":{"footnotes":""},"categories":[467,7541],"tags":[7873,7655],"class_list":["post-37378","post","type-post","status-publish","format-standard","has-post-thumbnail","","category-siria-y-el-mundo","category-ultimas-noticias","tag-no-se-sabe-quien-presidira-la-delegacion-del-gobierno-sirio","tag-segun-gatilov"],"_links":{"self":[{"href":"https:\/\/archive.sana.sy\/es\/index.php?rest_route=\/wp\/v2\/posts\/37378"}],"collection":[{"href":"https:\/\/archive.sana.sy\/es\/index.php?rest_route=\/wp\/v2\/posts"}],"about":[{"href":"https:\/\/archive.sana.sy\/es\/index.php?rest_route=\/wp\/v2\/types\/post"}],"author":[{"embeddable":true,"href":"https:\/\/archive.sana.sy\/es\/index.php?rest_route=\/wp\/v2\/users\/1"}],"replies":[{"embeddable":true,"href":"https:\/\/archive.sana.sy\/es\/index.php?rest_route=%2Fwp%2Fv2%2Fcomments&post=37378"}],"version-history":[{"count":0,"href":"https:\/\/archive.sana.sy\/es\/index.php?rest_route=\/wp\/v2\/posts\/37378\/revisions"}],"wp:featuredmedia":[{"embeddable":true,"href":"https:\/\/archive.sana.sy\/es\/index.php?rest_route=\/wp\/v2\/media\/37380"}],"wp:attachment":[{"href":"https:\/\/archive.sana.sy\/es\/index.php?rest_route=%2Fwp%2Fv2%2Fmedia&parent=37378"}],"wp:term":[{"taxonomy":"category","embeddable":true,"href":"https:\/\/archive.sana.sy\/es\/index.php?rest_route=%2Fwp%2Fv2%2Fcategories&post=37378"},{"taxonomy":"post_tag","embeddable":true,"href":"https:\/\/archive.sana.sy\/es\/index.php?rest_route=%2Fwp%2Fv2%2Ftags&post=37378"}],"curies":[{"name":"wp","href":"https:\/\/api.w.org\/{rel}","templated":true}]}}