{"id":37381,"date":"2016-01-27T20:54:01","date_gmt":"2016-01-27T18:54:01","guid":{"rendered":"http:\/\/www.sana.sy\/es\/?p=37381"},"modified":"2016-01-27T20:57:11","modified_gmt":"2016-01-27T18:57:11","slug":"cinco-agentes-muertos-y-12-heridos-en-una-explosion-en-la-ciudad-de-arish","status":"publish","type":"post","link":"https:\/\/archive.sana.sy\/es\/?p=37381","title":{"rendered":"Cinco agentes muertos y 12 heridos en una explosi\u00f3n en la ciudad de Arish"},"content":{"rendered":"<p style=\"text-align: justify\"><span style=\"color: #800000\">El Cairo, SANA<\/span>&#8211; Al menos cinco agentes de las fuerzas de seguridad egipcia han muerto y 12 han resultado heridos este mi\u00e9rcoles a causa de la detonaci\u00f3n de un artefacto explosivo improvisado a las afueras de la ciudad de Arish, seg\u00fan han informado fuentes m\u00e9dicas y de seguridad.<\/p>\n<p style=\"text-align: justify\">De acuerdo con \u00a0las fuentes, \u00a0 un artefacto explosivo fue colocado en la carretera y fue detonado al paso del veh\u00edculo militar, que estaba en medio de un operativo de b\u00fasqueda.<\/p>\n<p style=\"text-align: justify\">En el mismo contexto, cinco personas, entre ellos tres oficiales., perdieron la vida el pasado 21 de este mes a causa de un ataque terrorista contra una patrulla egipcia en la ciudad de Arish, ubicada en la costa mediterr\u00e1nea de la pen\u00ednsula del Sina\u00ed, 344 kil\u00f3metros al nordeste de El Cairo.<\/p>\n<p>M.Miri<\/p>\n","protected":false},"excerpt":{"rendered":"<p>El Cairo, SANA&#8211; Al menos cinco agentes de las fuerzas de seguridad egipcia han muerto y 12 han resultado heridos este mi\u00e9rcoles a causa de la detonaci\u00f3n de un artefacto explosivo improvisado a las afueras de la ciudad de Arish, seg\u00fan han informado fuentes m\u00e9dicas y de seguridad. De acuerdo con \u00a0las fuentes, \u00a0 un &hellip;<\/p>\n","protected":false},"author":1,"featured_media":37382,"comment_status":"closed","ping_status":"closed","sticky":false,"template":"","format":"standard","meta":{"footnotes":""},"categories":[456,457],"tags":[],"class_list":["post-37381","post","type-post","status-publish","format-standard","has-post-thumbnail","","category-arabe-internacional-politica","category-noticias-arabe-internacional-politica"],"_links":{"self":[{"href":"https:\/\/archive.sana.sy\/es\/index.php?rest_route=\/wp\/v2\/posts\/37381"}],"collection":[{"href":"https:\/\/archive.sana.sy\/es\/index.php?rest_route=\/wp\/v2\/posts"}],"about":[{"href":"https:\/\/archive.sana.sy\/es\/index.php?rest_route=\/wp\/v2\/types\/post"}],"author":[{"embeddable":true,"href":"https:\/\/archive.sana.sy\/es\/index.php?rest_route=\/wp\/v2\/users\/1"}],"replies":[{"embeddable":true,"href":"https:\/\/archive.sana.sy\/es\/index.php?rest_route=%2Fwp%2Fv2%2Fcomments&post=37381"}],"version-history":[{"count":0,"href":"https:\/\/archive.sana.sy\/es\/index.php?rest_route=\/wp\/v2\/posts\/37381\/revisions"}],"wp:featuredmedia":[{"embeddable":true,"href":"https:\/\/archive.sana.sy\/es\/index.php?rest_route=\/wp\/v2\/media\/37382"}],"wp:attachment":[{"href":"https:\/\/archive.sana.sy\/es\/index.php?rest_route=%2Fwp%2Fv2%2Fmedia&parent=37381"}],"wp:term":[{"taxonomy":"category","embeddable":true,"href":"https:\/\/archive.sana.sy\/es\/index.php?rest_route=%2Fwp%2Fv2%2Fcategories&post=37381"},{"taxonomy":"post_tag","embeddable":true,"href":"https:\/\/archive.sana.sy\/es\/index.php?rest_route=%2Fwp%2Fv2%2Ftags&post=37381"}],"curies":[{"name":"wp","href":"https:\/\/api.w.org\/{rel}","templated":true}]}}