{"id":37388,"date":"2016-01-27T22:50:41","date_gmt":"2016-01-27T20:50:41","guid":{"rendered":"http:\/\/www.sana.sy\/es\/?p=37388"},"modified":"2016-01-27T22:50:41","modified_gmt":"2016-01-27T20:50:41","slug":"protestan-frente-a-embajada-norteamerica-en-moscu-por-injerencia-de-eeuu-en-siria","status":"publish","type":"post","link":"https:\/\/archive.sana.sy\/es\/?p=37388","title":{"rendered":"Protestan frente a embajada Norteam\u00e9rica en Mosc\u00fa por Injerencia de EEUU en Siria"},"content":{"rendered":"<p style=\"text-align: justify\"><span style=\"color: #800000\">Mosc\u00fa, SANA<\/span>&#8211; Un n\u00famero de artistas del grupo ruso &#8220;Glavplakat&#8221; se ha congregado este mi\u00e9rcoles frente a la embajada de los Estado Unidos en Mosc\u00fa, para condenar la injerencia de EEUU en Siria y en la regi\u00f3n, bajo el pretexto de combatir el terrorismo.<\/p>\n<p style=\"text-align: justify\">Los manifestantes han mostrado su rechazo al modo con el que EEUU interviene en los asuntos internos de varios pa\u00edses de la regi\u00f3n, en particular Siria, seg\u00fan inform\u00f3 el canal televisivo Rusia Hoy.<\/p>\n<p style=\"text-align: justify\">En el mismo contexto, los manifestantes colgaron cartel en el cual se puede ver el rostro del presidente norteamericano Barack Obama y la palabra &#8220;killer&#8221; (asesino).<\/p>\n<p>M.Miri<\/p>\n","protected":false},"excerpt":{"rendered":"<p>Mosc\u00fa, SANA&#8211; Un n\u00famero de artistas del grupo ruso &#8220;Glavplakat&#8221; se ha congregado este mi\u00e9rcoles frente a la embajada de los Estado Unidos en Mosc\u00fa, para condenar la injerencia de EEUU en Siria y en la regi\u00f3n, bajo el pretexto de combatir el terrorismo. Los manifestantes han mostrado su rechazo al modo con el que &hellip;<\/p>\n","protected":false},"author":1,"featured_media":37389,"comment_status":"closed","ping_status":"closed","sticky":false,"template":"","format":"standard","meta":{"footnotes":""},"categories":[456,457],"tags":[7874],"class_list":["post-37388","post","type-post","status-publish","format-standard","has-post-thumbnail","","category-arabe-internacional-politica","category-noticias-arabe-internacional-politica","tag-protestan-frente-a-embajada-norteamerica-en-moscu-por-injerencia-de-eeuu-en-siria"],"_links":{"self":[{"href":"https:\/\/archive.sana.sy\/es\/index.php?rest_route=\/wp\/v2\/posts\/37388"}],"collection":[{"href":"https:\/\/archive.sana.sy\/es\/index.php?rest_route=\/wp\/v2\/posts"}],"about":[{"href":"https:\/\/archive.sana.sy\/es\/index.php?rest_route=\/wp\/v2\/types\/post"}],"author":[{"embeddable":true,"href":"https:\/\/archive.sana.sy\/es\/index.php?rest_route=\/wp\/v2\/users\/1"}],"replies":[{"embeddable":true,"href":"https:\/\/archive.sana.sy\/es\/index.php?rest_route=%2Fwp%2Fv2%2Fcomments&post=37388"}],"version-history":[{"count":0,"href":"https:\/\/archive.sana.sy\/es\/index.php?rest_route=\/wp\/v2\/posts\/37388\/revisions"}],"wp:featuredmedia":[{"embeddable":true,"href":"https:\/\/archive.sana.sy\/es\/index.php?rest_route=\/wp\/v2\/media\/37389"}],"wp:attachment":[{"href":"https:\/\/archive.sana.sy\/es\/index.php?rest_route=%2Fwp%2Fv2%2Fmedia&parent=37388"}],"wp:term":[{"taxonomy":"category","embeddable":true,"href":"https:\/\/archive.sana.sy\/es\/index.php?rest_route=%2Fwp%2Fv2%2Fcategories&post=37388"},{"taxonomy":"post_tag","embeddable":true,"href":"https:\/\/archive.sana.sy\/es\/index.php?rest_route=%2Fwp%2Fv2%2Ftags&post=37388"}],"curies":[{"name":"wp","href":"https:\/\/api.w.org\/{rel}","templated":true}]}}