{"id":37393,"date":"2016-01-28T17:00:24","date_gmt":"2016-01-28T15:00:24","guid":{"rendered":"http:\/\/www.sana.sy\/es\/?p=37393"},"modified":"2016-01-28T19:00:45","modified_gmt":"2016-01-28T17:00:45","slug":"abdollahian-los-terroristas-que-usan-nuevas-mascaras-no-deben-participar-en-las-conversaciones-de-ginebra","status":"publish","type":"post","link":"https:\/\/archive.sana.sy\/es\/?p=37393","title":{"rendered":"Abdollahian: los terroristas que usan nuevas m\u00e1scaras no deben participar en las conversaciones de Ginebra"},"content":{"rendered":"<p><span style=\"color: #800000\">Mosc\u00fa, SANA<\/span><\/p>\n<p>El vicecanciller iran\u00ed Hossein Amir Abdollahian, dijo que los terroristas que usan nuevas m\u00e1scaras no deben participar en las conversaciones de Ginebra.<\/p>\n<p>En una rueda de prensa en la sede de la agencia Rossiya Segodnya en Mosc\u00fa, el\u00a0alto funcionario iran\u00ed dijo que su pa\u00eds sugiri\u00f3 al enviado especial de la ONU para Siria, Staffan de Mistura, nombres de algunos opositores sirios que piensan que su participaci\u00f3n ser\u00e1 \u00fatil en las conversaciones intesirias.<\/p>\n<p>Asimismo revel\u00f3 que hasta la fecha no se alcanz\u00f3 un acuerdo sobre la lista de las organizaciones terroristas en Siria, agregando que Teher\u00e1n insiste en incluir a las organizaciones del \u201cEj\u00e9rcito del Islam\u201d y \u201cAhrar al-Shaam\u201d en esta lista misma al lado de las organizaciones terroristas del Estado Isl\u00e1mico y el Frente de al-Nousra, entre otras.<\/p>\n<p>El vicecanciller persa expres\u00f3 su optimismo hacia las venideras conversaciones de Ginebra, puesto que las mismas marcar\u00e1n un paso adelante en el camino de la busca de una soluci\u00f3n pac\u00edfica de la crisis siria, reiterando que Ir\u00e1n y Rusia coinciden la necesidad de resolver las crisis pol\u00edticas y sociales en Oriente Medio, entre ellas la crisis en Siria, as\u00ed como apoyan los esfuerzos desplegados por el enviado especial de la ONU para Siria, Staffan de Mistura para lanzar el proceso pol\u00edtico en esta naci\u00f3n.<\/p>\n<p>\u201cTeher\u00e1n har\u00e1 todo lo posible para que la err\u00f3nea decisi\u00f3n saud\u00ed de cortar los v\u00ednculos con Ir\u00e1n no afecte de nada el proceso de las conversaciones de Ginebra y el arreglo pol\u00edtico de la crisis en Siria\u201d, recalc\u00f3.<\/p>\n<p>Asever\u00f3 que su pa\u00eds seguir\u00e1 cooperando con Rusia para brindar el apoyo necesario a Siria a fin de que esta naci\u00f3n supere las amenazas que est\u00e1 afrontando, especialmente la del terrorismo.<\/p>\n<p>llam\u00f3 a Arabia Saud\u00ed a renunciar a la pol\u00edtica de las provocaciones y a las acciones que llevan a la escalada de la tensi\u00f3n.<\/p>\n<p>En este sentido, manifest\u00f3 que el mensaje que quiere transmitir su pa\u00eds a sus vecinos del Golfo es de &#8220;amistad, paz y cooperaci\u00f3n&#8221;.<\/p>\n<p>&nbsp;<\/p>\n<p>&nbsp;<\/p>\n<p>Fady M.,Hala B., Lynn A.<\/p>\n","protected":false},"excerpt":{"rendered":"<p>Mosc\u00fa, SANA El vicecanciller iran\u00ed Hossein Amir Abdollahian, dijo que los terroristas que usan nuevas m\u00e1scaras no deben participar en las conversaciones de Ginebra. En una rueda de prensa en la sede de la agencia Rossiya Segodnya en Mosc\u00fa, el\u00a0alto funcionario iran\u00ed dijo que su pa\u00eds sugiri\u00f3 al enviado especial de la ONU para Siria, &hellip;<\/p>\n","protected":false},"author":1,"featured_media":37422,"comment_status":"closed","ping_status":"closed","sticky":false,"template":"","format":"standard","meta":{"footnotes":""},"categories":[597,576,467,583,7541],"tags":[7875],"class_list":["post-37393","post","type-post","status-publish","format-standard","has-post-thumbnail","","category-cinta-de-noticias","category-noticias-politicas","category-siria-y-el-mundo","category-slide","category-ultimas-noticias","tag-abdollahian-los-terroristas-que-usan-nuevas-mascaras-no-deben-participar-en-las-conversaciones-de-ginebra"],"_links":{"self":[{"href":"https:\/\/archive.sana.sy\/es\/index.php?rest_route=\/wp\/v2\/posts\/37393"}],"collection":[{"href":"https:\/\/archive.sana.sy\/es\/index.php?rest_route=\/wp\/v2\/posts"}],"about":[{"href":"https:\/\/archive.sana.sy\/es\/index.php?rest_route=\/wp\/v2\/types\/post"}],"author":[{"embeddable":true,"href":"https:\/\/archive.sana.sy\/es\/index.php?rest_route=\/wp\/v2\/users\/1"}],"replies":[{"embeddable":true,"href":"https:\/\/archive.sana.sy\/es\/index.php?rest_route=%2Fwp%2Fv2%2Fcomments&post=37393"}],"version-history":[{"count":0,"href":"https:\/\/archive.sana.sy\/es\/index.php?rest_route=\/wp\/v2\/posts\/37393\/revisions"}],"wp:featuredmedia":[{"embeddable":true,"href":"https:\/\/archive.sana.sy\/es\/index.php?rest_route=\/wp\/v2\/media\/37422"}],"wp:attachment":[{"href":"https:\/\/archive.sana.sy\/es\/index.php?rest_route=%2Fwp%2Fv2%2Fmedia&parent=37393"}],"wp:term":[{"taxonomy":"category","embeddable":true,"href":"https:\/\/archive.sana.sy\/es\/index.php?rest_route=%2Fwp%2Fv2%2Fcategories&post=37393"},{"taxonomy":"post_tag","embeddable":true,"href":"https:\/\/archive.sana.sy\/es\/index.php?rest_route=%2Fwp%2Fv2%2Ftags&post=37393"}],"curies":[{"name":"wp","href":"https:\/\/api.w.org\/{rel}","templated":true}]}}