{"id":37396,"date":"2016-01-28T12:25:05","date_gmt":"2016-01-28T10:25:05","guid":{"rendered":"http:\/\/www.sana.sy\/es\/?p=37396"},"modified":"2016-01-28T12:33:05","modified_gmt":"2016-01-28T10:33:05","slug":"rohani-destaca-necesidad-de-combatir-el-terrorismo-de-forma-seria","status":"publish","type":"post","link":"https:\/\/archive.sana.sy\/es\/?p=37396","title":{"rendered":"Rohani destaca necesidad de combatir el terrorismo de forma seria"},"content":{"rendered":"<div><span lang=\"ES-TRAD\" style=\"color: #800000\">Par\u00eds, SANA<\/span><\/div>\n<div><span lang=\"ES-TRAD\">\u00a0<\/span><\/div>\n<div><span lang=\"ES-TRAD\">El presidente iran\u00ed, Hassan Rohani, reiter\u00f3 la necesidad de combatir el terrorismo de forma seria y evitar la creaci\u00f3n de nuevas grietas en la regi\u00f3n.<\/span><\/div>\n<div><span lang=\"ES-TRAD\">\u00a0<\/span><\/div>\n<div><span lang=\"ES-TRAD\">Durante una reuni\u00f3n con el presidente del Senado franc\u00e9s, Gerard Larcher, en Par\u00eds, el mandatario iran\u00ed dijo que &#8220;algunos pa\u00edses de la regi\u00f3n viven en un estado de inestabilidad&#8221;, explicando que no se puede tratar a esa situaci\u00f3n militarmente, sino que debe ser resuelta por los medios pol\u00edticos y pac\u00edficos.<\/span><\/div>\n<div><span lang=\"ES-TRAD\">\u00a0<\/span><\/div>\n<div><span lang=\"ES-TRAD\">A su vez, el Presidente del Senado franc\u00e9s confirm\u00f3 la intenci\u00f3n de su pa\u00eds de desarrollar las relaciones con Ir\u00e1n.<\/span><\/div>\n<div><span lang=\"ES-TRAD\">\u00a0<\/span><\/div>\n<div><span lang=\"ES-TRAD\">Rohani lleg\u00f3 el mi\u00e9rcoles a Par\u00eds, \u00faltima escala de su gira por Europa.<\/span><\/div>\n<div><span lang=\"ES-TRAD\">\u00a0<\/span><\/div>\n<div><span lang=\"ES-TRAD\"><span lang=\"ES-TRAD\">En los dos d\u00edas de duraci\u00f3n de la visita, que responde a una invitaci\u00f3n oficial del presidente franc\u00e9s, Fran\u00e7ois Hollande, Rohani se reuni\u00f3 con altas autoridades del pa\u00eds galo, as\u00ed como con empresarios, inversores y comerciantes franceses e iran\u00edes con el fin de estudiar las posibilidades de inversi\u00f3n en Ir\u00e1n.<\/span><\/span><\/div>\n<div><\/div>\n<div>\n<div>\n<span style=\"font-size: medium\"><b><span style=\"color: #0000bf\">Fady M.,Hala B.<\/span><\/b><\/span><\/div>\n<\/div>\n<p>&nbsp;<\/p>\n","protected":false},"excerpt":{"rendered":"<p>Par\u00eds, SANA \u00a0 El presidente iran\u00ed, Hassan Rohani, reiter\u00f3 la necesidad de combatir el terrorismo de forma seria y evitar la creaci\u00f3n de nuevas grietas en la regi\u00f3n. \u00a0 Durante una reuni\u00f3n con el presidente del Senado franc\u00e9s, Gerard Larcher, en Par\u00eds, el mandatario iran\u00ed dijo que &#8220;algunos pa\u00edses de la regi\u00f3n viven en un &hellip;<\/p>\n","protected":false},"author":1,"featured_media":37397,"comment_status":"closed","ping_status":"closed","sticky":false,"template":"","format":"standard","meta":{"footnotes":""},"categories":[597,456,457,576,7541],"tags":[7876],"class_list":["post-37396","post","type-post","status-publish","format-standard","has-post-thumbnail","","category-cinta-de-noticias","category-arabe-internacional-politica","category-noticias-arabe-internacional-politica","category-noticias-politicas","category-ultimas-noticias","tag-rohani-destaca-necesidad-de-combatir-el-terrorismo-de-forma-seria"],"_links":{"self":[{"href":"https:\/\/archive.sana.sy\/es\/index.php?rest_route=\/wp\/v2\/posts\/37396"}],"collection":[{"href":"https:\/\/archive.sana.sy\/es\/index.php?rest_route=\/wp\/v2\/posts"}],"about":[{"href":"https:\/\/archive.sana.sy\/es\/index.php?rest_route=\/wp\/v2\/types\/post"}],"author":[{"embeddable":true,"href":"https:\/\/archive.sana.sy\/es\/index.php?rest_route=\/wp\/v2\/users\/1"}],"replies":[{"embeddable":true,"href":"https:\/\/archive.sana.sy\/es\/index.php?rest_route=%2Fwp%2Fv2%2Fcomments&post=37396"}],"version-history":[{"count":0,"href":"https:\/\/archive.sana.sy\/es\/index.php?rest_route=\/wp\/v2\/posts\/37396\/revisions"}],"wp:featuredmedia":[{"embeddable":true,"href":"https:\/\/archive.sana.sy\/es\/index.php?rest_route=\/wp\/v2\/media\/37397"}],"wp:attachment":[{"href":"https:\/\/archive.sana.sy\/es\/index.php?rest_route=%2Fwp%2Fv2%2Fmedia&parent=37396"}],"wp:term":[{"taxonomy":"category","embeddable":true,"href":"https:\/\/archive.sana.sy\/es\/index.php?rest_route=%2Fwp%2Fv2%2Fcategories&post=37396"},{"taxonomy":"post_tag","embeddable":true,"href":"https:\/\/archive.sana.sy\/es\/index.php?rest_route=%2Fwp%2Fv2%2Ftags&post=37396"}],"curies":[{"name":"wp","href":"https:\/\/api.w.org\/{rel}","templated":true}]}}