{"id":37408,"date":"2016-01-28T13:50:28","date_gmt":"2016-01-28T11:50:28","guid":{"rendered":"http:\/\/www.sana.sy\/es\/?p=37408"},"modified":"2016-01-28T13:50:28","modified_gmt":"2016-01-28T11:50:28","slug":"peskov-cualquier-alto-el-fuego-en-siria-debe-ser-precedido-por-la-elaboracion-de-una-lista-de-las-organizaciones-terroristas","status":"publish","type":"post","link":"https:\/\/archive.sana.sy\/es\/?p=37408","title":{"rendered":"Peskov: cualquier alto el fuego en Siria debe ser precedido por la elaboraci\u00f3n de una lista de las organizaciones terroristas"},"content":{"rendered":"<div><span lang=\"ES-TRAD\" style=\"color: #800000\">Mosc\u00fa, SANA<\/span><\/div>\n<div><span lang=\"ES-TRAD\">\u00a0<\/span><\/div>\n<div><span lang=\"ES-TRAD\">El portavoz de la Presidencia de Rusia, Dmitry Peskov, dijo que cualquier conversaci\u00f3n sobre un alto el fuego en Siria debe ser precedido por la elaboraci\u00f3n de una lista de las organizaciones terroristas.<\/span><\/div>\n<div><span lang=\"ES-TRAD\">\u00a0<\/span><\/div>\n<div><span lang=\"ES-TRAD\">En una declaraci\u00f3n a la prensa, Peskov precis\u00f3 que &#8220;la cuesti\u00f3n de un cese del fuego es algo planteado desde hace tiempo, pero no en contra de las organizaciones terroristas y hay que tomar una posici\u00f3n final respecto a las listas de las organizaciones terroristas y separarlas de la oposici\u00f3n moderada.&#8221;<\/span><\/div>\n<div><span lang=\"ES-TRAD\">\u00a0<\/span><\/div>\n<div><span lang=\"ES-TRAD\">El vocero presidencial ruso explic\u00f3 que el trabajo a\u00fan no est\u00e1 hecho en relaci\u00f3n con esas listas debido a ciertas dificultades, se\u00f1alando que nadie esperaba que la realizaci\u00f3n de estas listas iba a ser f\u00e1cil.<\/span><\/div>\n<div><span lang=\"ES-TRAD\">\u00a0<\/span><\/div>\n<div><span lang=\"ES-TRAD\">Por su parte, el enviado especial del presidente ruso a Oriente Medio y \u00c1frica, el vicecanciller Mija\u00edl Bogd\u00e1nov anunci\u00f3 que est\u00e1 previsto llevar a cabo una reuni\u00f3n de los miembros de la comunidad internacional de apoyo a Siria el pr\u00f3ximo 11 de febrero.<\/span><\/div>\n<div><span lang=\"ES-TRAD\">\u00a0<\/span><\/div>\n<div><span lang=\"ES-TRAD\">Bogdanov dijo que se alcanz\u00f3 un acuerdo entre los ministros de Exteriores Sergei Lavrov y John Kerry sobre la cita que tendr\u00e1 lugar en Munich en v\u00edsperas de la Conferencia de Munich sobre Seguridad.<\/span><\/div>\n<div>\n<div>\n<span style=\"font-size: medium\"><b><span style=\"color: #0000bf\">Fady M., Hala B.<\/span><\/b><\/span><\/div>\n<\/div>\n<p>&nbsp;<\/p>\n","protected":false},"excerpt":{"rendered":"<p>Mosc\u00fa, SANA \u00a0 El portavoz de la Presidencia de Rusia, Dmitry Peskov, dijo que cualquier conversaci\u00f3n sobre un alto el fuego en Siria debe ser precedido por la elaboraci\u00f3n de una lista de las organizaciones terroristas. \u00a0 En una declaraci\u00f3n a la prensa, Peskov precis\u00f3 que &#8220;la cuesti\u00f3n de un cese del fuego es algo &hellip;<\/p>\n","protected":false},"author":1,"featured_media":37409,"comment_status":"closed","ping_status":"closed","sticky":false,"template":"","format":"standard","meta":{"footnotes":""},"categories":[456,457,576,7541],"tags":[7880],"class_list":["post-37408","post","type-post","status-publish","format-standard","has-post-thumbnail","","category-arabe-internacional-politica","category-noticias-arabe-internacional-politica","category-noticias-politicas","category-ultimas-noticias","tag-peskov-cualquier-alto-el-fuego-en-siria-debe-ser-precedido-por-la-elaboracion-de-una-lista-de-las-organizaciones-terroristas"],"_links":{"self":[{"href":"https:\/\/archive.sana.sy\/es\/index.php?rest_route=\/wp\/v2\/posts\/37408"}],"collection":[{"href":"https:\/\/archive.sana.sy\/es\/index.php?rest_route=\/wp\/v2\/posts"}],"about":[{"href":"https:\/\/archive.sana.sy\/es\/index.php?rest_route=\/wp\/v2\/types\/post"}],"author":[{"embeddable":true,"href":"https:\/\/archive.sana.sy\/es\/index.php?rest_route=\/wp\/v2\/users\/1"}],"replies":[{"embeddable":true,"href":"https:\/\/archive.sana.sy\/es\/index.php?rest_route=%2Fwp%2Fv2%2Fcomments&post=37408"}],"version-history":[{"count":0,"href":"https:\/\/archive.sana.sy\/es\/index.php?rest_route=\/wp\/v2\/posts\/37408\/revisions"}],"wp:featuredmedia":[{"embeddable":true,"href":"https:\/\/archive.sana.sy\/es\/index.php?rest_route=\/wp\/v2\/media\/37409"}],"wp:attachment":[{"href":"https:\/\/archive.sana.sy\/es\/index.php?rest_route=%2Fwp%2Fv2%2Fmedia&parent=37408"}],"wp:term":[{"taxonomy":"category","embeddable":true,"href":"https:\/\/archive.sana.sy\/es\/index.php?rest_route=%2Fwp%2Fv2%2Fcategories&post=37408"},{"taxonomy":"post_tag","embeddable":true,"href":"https:\/\/archive.sana.sy\/es\/index.php?rest_route=%2Fwp%2Fv2%2Ftags&post=37408"}],"curies":[{"name":"wp","href":"https:\/\/api.w.org\/{rel}","templated":true}]}}