{"id":37412,"date":"2016-01-28T14:22:35","date_gmt":"2016-01-28T12:22:35","guid":{"rendered":"http:\/\/www.sana.sy\/es\/?p=37412"},"modified":"2016-01-28T14:22:35","modified_gmt":"2016-01-28T12:22:35","slug":"identificado-el-responsable-del-atentado-contra-el-avion-ruso-a321","status":"publish","type":"post","link":"https:\/\/archive.sana.sy\/es\/?p=37412","title":{"rendered":"Identificado el responsable del atentado contra el avi\u00f3n ruso A321"},"content":{"rendered":"<div><b><\/b><span lang=\"ES-TRAD\" style=\"color: #800000\">El Cairo, SANA<\/span><\/div>\n<div><span lang=\"ES-TRAD\"><br \/>\nLas fuerzas de seguridad de Egipto junto con funcionarios del Comit\u00e9 de Investigaciones de Rusia lograron esclarecer los nombres de los seis organizadores del atentado a bordo del avi\u00f3n Airbus A321 de la compa\u00f1\u00eda a\u00e9rea rusa Kogalymavia, que se estrell\u00f3 el 31 de octubre.<\/span><\/div>\n<div><span lang=\"ES-TRAD\">\u00a0<\/span><\/div>\n<div><span lang=\"ES-TRAD\">Seg\u00fan los especialistas, fue un empleado del aeropuerto de Sharm el Sheij quien llev\u00f3 el artefacto explosivo de fabricaci\u00f3n casera al avi\u00f3n.<\/span><\/div>\n<div><span lang=\"ES-TRAD\">\u00a0<\/span><\/div>\n<div><span lang=\"ES-TRAD\">Tras colocar el artefacto explosivo en el avi\u00f3n, abandon\u00f3 el aeropuerto y sali\u00f3 de Egipto. Seg\u00fan los investigadores, la \u00faltima vez fue observado en el territorio de Turqu\u00eda. Ahora el responsable junto con sus cinco c\u00f3mplices son buscados por las fuerzas especiales egipcias.<\/span><\/div>\n<div>\n<div>\n<span style=\"font-size: medium\"><b><span style=\"color: #0000bf\">Fady M., Hala B.<\/span><\/b><\/span><\/div>\n<\/div>\n<p>&nbsp;<\/p>\n","protected":false},"excerpt":{"rendered":"<p>El Cairo, SANA Las fuerzas de seguridad de Egipto junto con funcionarios del Comit\u00e9 de Investigaciones de Rusia lograron esclarecer los nombres de los seis organizadores del atentado a bordo del avi\u00f3n Airbus A321 de la compa\u00f1\u00eda a\u00e9rea rusa Kogalymavia, que se estrell\u00f3 el 31 de octubre. \u00a0 Seg\u00fan los especialistas, fue un empleado del &hellip;<\/p>\n","protected":false},"author":1,"featured_media":37413,"comment_status":"closed","ping_status":"closed","sticky":false,"template":"","format":"standard","meta":{"footnotes":""},"categories":[597,456,457,576],"tags":[7881],"class_list":["post-37412","post","type-post","status-publish","format-standard","has-post-thumbnail","","category-cinta-de-noticias","category-arabe-internacional-politica","category-noticias-arabe-internacional-politica","category-noticias-politicas","tag-identificado-el-responsable-del-atentado-contra-el-avion-ruso-a321"],"_links":{"self":[{"href":"https:\/\/archive.sana.sy\/es\/index.php?rest_route=\/wp\/v2\/posts\/37412"}],"collection":[{"href":"https:\/\/archive.sana.sy\/es\/index.php?rest_route=\/wp\/v2\/posts"}],"about":[{"href":"https:\/\/archive.sana.sy\/es\/index.php?rest_route=\/wp\/v2\/types\/post"}],"author":[{"embeddable":true,"href":"https:\/\/archive.sana.sy\/es\/index.php?rest_route=\/wp\/v2\/users\/1"}],"replies":[{"embeddable":true,"href":"https:\/\/archive.sana.sy\/es\/index.php?rest_route=%2Fwp%2Fv2%2Fcomments&post=37412"}],"version-history":[{"count":0,"href":"https:\/\/archive.sana.sy\/es\/index.php?rest_route=\/wp\/v2\/posts\/37412\/revisions"}],"wp:featuredmedia":[{"embeddable":true,"href":"https:\/\/archive.sana.sy\/es\/index.php?rest_route=\/wp\/v2\/media\/37413"}],"wp:attachment":[{"href":"https:\/\/archive.sana.sy\/es\/index.php?rest_route=%2Fwp%2Fv2%2Fmedia&parent=37412"}],"wp:term":[{"taxonomy":"category","embeddable":true,"href":"https:\/\/archive.sana.sy\/es\/index.php?rest_route=%2Fwp%2Fv2%2Fcategories&post=37412"},{"taxonomy":"post_tag","embeddable":true,"href":"https:\/\/archive.sana.sy\/es\/index.php?rest_route=%2Fwp%2Fv2%2Ftags&post=37412"}],"curies":[{"name":"wp","href":"https:\/\/api.w.org\/{rel}","templated":true}]}}