{"id":37415,"date":"2016-01-28T14:46:15","date_gmt":"2016-01-28T12:46:15","guid":{"rendered":"http:\/\/www.sana.sy\/es\/?p=37415"},"modified":"2016-01-28T14:46:15","modified_gmt":"2016-01-28T12:46:15","slug":"rusia-y-turkmenistan-acuerdan-coordinar-la-lucha-contra-el-terrorismo","status":"publish","type":"post","link":"https:\/\/archive.sana.sy\/es\/?p=37415","title":{"rendered":"Rusia y Turkmenist\u00e1n acuerdan coordinar la lucha contra el terrorismo"},"content":{"rendered":"<div><span lang=\"ES-TRAD\">Asjabad, SANA<\/span><\/div>\n<div><\/div>\n<div><span lang=\"ES-TRAD\">Rusia plante\u00f3 a Turkmenist\u00e1n unificar la lucha contra la amenaza terrorista en la regi\u00f3n.<\/span><\/div>\n<div><span lang=\"ES-TRAD\">El ministro ruso de Exteriores, Sergu\u00e9i Lavrov, afirm\u00f3 al reunirse con el presidente turkmeno en Asjabad, el inter\u00e9s de Mosc\u00fa por coordinar las acciones en el combate al terrorismo.<\/span><\/div>\n<div><span lang=\"ES-TRAD\">En este contexto, las partes abordaron la situaci\u00f3n en Asia Central y las amenazas que emanan del territorio afgano.<\/span><\/div>\n<div>\n<div>\n<span style=\"font-size: medium\"><b><span style=\"color: #0000bf\">Fady M., Hala B.<\/span><\/b><\/span><\/div>\n<\/div>\n<p>&nbsp;<\/p>\n","protected":false},"excerpt":{"rendered":"<p>Asjabad, SANA Rusia plante\u00f3 a Turkmenist\u00e1n unificar la lucha contra la amenaza terrorista en la regi\u00f3n. El ministro ruso de Exteriores, Sergu\u00e9i Lavrov, afirm\u00f3 al reunirse con el presidente turkmeno en Asjabad, el inter\u00e9s de Mosc\u00fa por coordinar las acciones en el combate al terrorismo. En este contexto, las partes abordaron la situaci\u00f3n en Asia &hellip;<\/p>\n","protected":false},"author":1,"featured_media":37416,"comment_status":"closed","ping_status":"closed","sticky":false,"template":"","format":"standard","meta":{"footnotes":""},"categories":[597,456,457,576],"tags":[7882],"class_list":["post-37415","post","type-post","status-publish","format-standard","has-post-thumbnail","","category-cinta-de-noticias","category-arabe-internacional-politica","category-noticias-arabe-internacional-politica","category-noticias-politicas","tag-rusia-y-turkmenistan-acuerdan-coordinar-la-lucha-contra-el-terrorismo"],"_links":{"self":[{"href":"https:\/\/archive.sana.sy\/es\/index.php?rest_route=\/wp\/v2\/posts\/37415"}],"collection":[{"href":"https:\/\/archive.sana.sy\/es\/index.php?rest_route=\/wp\/v2\/posts"}],"about":[{"href":"https:\/\/archive.sana.sy\/es\/index.php?rest_route=\/wp\/v2\/types\/post"}],"author":[{"embeddable":true,"href":"https:\/\/archive.sana.sy\/es\/index.php?rest_route=\/wp\/v2\/users\/1"}],"replies":[{"embeddable":true,"href":"https:\/\/archive.sana.sy\/es\/index.php?rest_route=%2Fwp%2Fv2%2Fcomments&post=37415"}],"version-history":[{"count":0,"href":"https:\/\/archive.sana.sy\/es\/index.php?rest_route=\/wp\/v2\/posts\/37415\/revisions"}],"wp:featuredmedia":[{"embeddable":true,"href":"https:\/\/archive.sana.sy\/es\/index.php?rest_route=\/wp\/v2\/media\/37416"}],"wp:attachment":[{"href":"https:\/\/archive.sana.sy\/es\/index.php?rest_route=%2Fwp%2Fv2%2Fmedia&parent=37415"}],"wp:term":[{"taxonomy":"category","embeddable":true,"href":"https:\/\/archive.sana.sy\/es\/index.php?rest_route=%2Fwp%2Fv2%2Fcategories&post=37415"},{"taxonomy":"post_tag","embeddable":true,"href":"https:\/\/archive.sana.sy\/es\/index.php?rest_route=%2Fwp%2Fv2%2Ftags&post=37415"}],"curies":[{"name":"wp","href":"https:\/\/api.w.org\/{rel}","templated":true}]}}