{"id":37419,"date":"2016-01-28T14:53:04","date_gmt":"2016-01-28T12:53:04","guid":{"rendered":"http:\/\/www.sana.sy\/es\/?p=37419"},"modified":"2016-01-28T14:53:04","modified_gmt":"2016-01-28T12:53:04","slug":"suecia-planea-deportar-hasta-80-000-migrantes","status":"publish","type":"post","link":"https:\/\/archive.sana.sy\/es\/?p=37419","title":{"rendered":"Suecia planea deportar hasta 80.000 migrantes"},"content":{"rendered":"<div><span lang=\"ES-TRAD\" style=\"color: #800000\">Estocolmo, SANA<\/span><\/div>\n<div><span lang=\"ES-TRAD\">\u00a0<\/span><\/div>\n<div><span lang=\"ES-TRAD\">Suecia, uno de los destinos m\u00e1s populares entre refugiados procedentes del Oriente Medio, planea deportar hasta 80.000 migrantes que llegaron al pa\u00eds en 2015 y no pudieron recibir asilo.<\/span><\/div>\n<div><span lang=\"ES-TRAD\">\u00a0<\/span><\/div>\n<div><span lang=\"ES-TRAD\">Citado por el peri\u00f3dico &#8220;Dagens Industri&#8221;, el ministro del Interior suizo, Anders Ygeman, dijo que el Gobierno pidi\u00f3 a la Polic\u00eda y las autoridades que se ocupan de migrantes a organizar la deportaci\u00f3n de los 80 mil migrantes, indicando que eso podr\u00eda durar varios a\u00f1os.<\/span><\/div>\n<div><span lang=\"ES-TRAD\">\u00a0<\/span><\/div>\n<div><span lang=\"ES-TRAD\">Cabe resaltar que ocho pa\u00edses de la UE, incluida Suecia y Alemania, deportaron de septiembre a diciembre de 2015, a un total de 840 migrantes.<\/span><\/div>\n<div><span lang=\"ES-TRAD\">\u00a0<\/span><\/div>\n<div><span lang=\"ES-TRAD\">De acuerdo con la Organizaci\u00f3n Internacional para las Migraciones, m\u00e1s de 847.000 refugiados cruzaron las aguas del Egeo en 2015 para llegar a Grecia y m\u00e1s de 800 perdieron la vida en el trayecto.<\/span><\/div>\n<div>\n<div>\n<span style=\"font-size: medium\"><b><span style=\"color: #0000bf\">Fady M., Hala B.<\/span><\/b><\/span><\/div>\n<\/div>\n<p>&nbsp;<\/p>\n","protected":false},"excerpt":{"rendered":"<p>Estocolmo, SANA \u00a0 Suecia, uno de los destinos m\u00e1s populares entre refugiados procedentes del Oriente Medio, planea deportar hasta 80.000 migrantes que llegaron al pa\u00eds en 2015 y no pudieron recibir asilo. \u00a0 Citado por el peri\u00f3dico &#8220;Dagens Industri&#8221;, el ministro del Interior suizo, Anders Ygeman, dijo que el Gobierno pidi\u00f3 a la Polic\u00eda y &hellip;<\/p>\n","protected":false},"author":1,"featured_media":37420,"comment_status":"closed","ping_status":"closed","sticky":false,"template":"","format":"standard","meta":{"footnotes":""},"categories":[597,456,457,576],"tags":[7883],"class_list":["post-37419","post","type-post","status-publish","format-standard","has-post-thumbnail","","category-cinta-de-noticias","category-arabe-internacional-politica","category-noticias-arabe-internacional-politica","category-noticias-politicas","tag-suecia-planea-deportar-hasta-80-000-migrantes"],"_links":{"self":[{"href":"https:\/\/archive.sana.sy\/es\/index.php?rest_route=\/wp\/v2\/posts\/37419"}],"collection":[{"href":"https:\/\/archive.sana.sy\/es\/index.php?rest_route=\/wp\/v2\/posts"}],"about":[{"href":"https:\/\/archive.sana.sy\/es\/index.php?rest_route=\/wp\/v2\/types\/post"}],"author":[{"embeddable":true,"href":"https:\/\/archive.sana.sy\/es\/index.php?rest_route=\/wp\/v2\/users\/1"}],"replies":[{"embeddable":true,"href":"https:\/\/archive.sana.sy\/es\/index.php?rest_route=%2Fwp%2Fv2%2Fcomments&post=37419"}],"version-history":[{"count":0,"href":"https:\/\/archive.sana.sy\/es\/index.php?rest_route=\/wp\/v2\/posts\/37419\/revisions"}],"wp:featuredmedia":[{"embeddable":true,"href":"https:\/\/archive.sana.sy\/es\/index.php?rest_route=\/wp\/v2\/media\/37420"}],"wp:attachment":[{"href":"https:\/\/archive.sana.sy\/es\/index.php?rest_route=%2Fwp%2Fv2%2Fmedia&parent=37419"}],"wp:term":[{"taxonomy":"category","embeddable":true,"href":"https:\/\/archive.sana.sy\/es\/index.php?rest_route=%2Fwp%2Fv2%2Fcategories&post=37419"},{"taxonomy":"post_tag","embeddable":true,"href":"https:\/\/archive.sana.sy\/es\/index.php?rest_route=%2Fwp%2Fv2%2Ftags&post=37419"}],"curies":[{"name":"wp","href":"https:\/\/api.w.org\/{rel}","templated":true}]}}