{"id":37429,"date":"2016-01-28T17:43:27","date_gmt":"2016-01-28T15:43:27","guid":{"rendered":"http:\/\/www.sana.sy\/es\/?p=37429"},"modified":"2016-01-28T17:43:27","modified_gmt":"2016-01-28T15:43:27","slug":"onu-reconfirma-que-las-conversaciones-intresirias-iniciaran-manana","status":"publish","type":"post","link":"https:\/\/archive.sana.sy\/es\/?p=37429","title":{"rendered":"ONU reconfirma que las conversaciones intresirias iniciar\u00e1n ma\u00f1ana"},"content":{"rendered":"<p><span style=\"color: #800000\">Mosc\u00fa, SANA<\/span><\/p>\n<p>Las ONU anunci\u00f3 este jueves que las conversaciones intersirias entre los representantes del gobierno sirio y la oposici\u00f3n siria se desarrollar\u00e1n ma\u00f1ana el viernes sin ninguna tardanza.<\/p>\n<p>&#8220;No hemos reprogramado las conversaciones. Hemos escuchado informes de que han sido aplazadas, pero no es cierto. Vamos a hacer una declaraci\u00f3n oficial y enviarlo a los medios de comunicaci\u00f3n&#8221;, dijo Khaula Mattar, portavoz del enviado especial de la ONU para Siria, Staffan de Mistura.<\/p>\n<p>&nbsp;<br \/>\nLynn A.<\/p>\n","protected":false},"excerpt":{"rendered":"<p>Mosc\u00fa, SANA Las ONU anunci\u00f3 este jueves que las conversaciones intersirias entre los representantes del gobierno sirio y la oposici\u00f3n siria se desarrollar\u00e1n ma\u00f1ana el viernes sin ninguna tardanza. &#8220;No hemos reprogramado las conversaciones. Hemos escuchado informes de que han sido aplazadas, pero no es cierto. Vamos a hacer una declaraci\u00f3n oficial y enviarlo a &hellip;<\/p>\n","protected":false},"author":24,"featured_media":36988,"comment_status":"closed","ping_status":"closed","sticky":false,"template":"","format":"standard","meta":{"footnotes":""},"categories":[597,467,7541],"tags":[],"class_list":["post-37429","post","type-post","status-publish","format-standard","has-post-thumbnail","","category-cinta-de-noticias","category-siria-y-el-mundo","category-ultimas-noticias"],"_links":{"self":[{"href":"https:\/\/archive.sana.sy\/es\/index.php?rest_route=\/wp\/v2\/posts\/37429"}],"collection":[{"href":"https:\/\/archive.sana.sy\/es\/index.php?rest_route=\/wp\/v2\/posts"}],"about":[{"href":"https:\/\/archive.sana.sy\/es\/index.php?rest_route=\/wp\/v2\/types\/post"}],"author":[{"embeddable":true,"href":"https:\/\/archive.sana.sy\/es\/index.php?rest_route=\/wp\/v2\/users\/24"}],"replies":[{"embeddable":true,"href":"https:\/\/archive.sana.sy\/es\/index.php?rest_route=%2Fwp%2Fv2%2Fcomments&post=37429"}],"version-history":[{"count":0,"href":"https:\/\/archive.sana.sy\/es\/index.php?rest_route=\/wp\/v2\/posts\/37429\/revisions"}],"wp:featuredmedia":[{"embeddable":true,"href":"https:\/\/archive.sana.sy\/es\/index.php?rest_route=\/wp\/v2\/media\/36988"}],"wp:attachment":[{"href":"https:\/\/archive.sana.sy\/es\/index.php?rest_route=%2Fwp%2Fv2%2Fmedia&parent=37429"}],"wp:term":[{"taxonomy":"category","embeddable":true,"href":"https:\/\/archive.sana.sy\/es\/index.php?rest_route=%2Fwp%2Fv2%2Fcategories&post=37429"},{"taxonomy":"post_tag","embeddable":true,"href":"https:\/\/archive.sana.sy\/es\/index.php?rest_route=%2Fwp%2Fv2%2Ftags&post=37429"}],"curies":[{"name":"wp","href":"https:\/\/api.w.org\/{rel}","templated":true}]}}