{"id":37433,"date":"2016-01-28T18:50:45","date_gmt":"2016-01-28T16:50:45","guid":{"rendered":"http:\/\/www.sana.sy\/es\/?p=37433"},"modified":"2016-01-28T20:05:56","modified_gmt":"2016-01-28T18:05:56","slug":"rusia-las-conversaciones-de-ginebra-deben-contar-con-una-mayor-participacion-de-la-oposicion-siria","status":"publish","type":"post","link":"https:\/\/archive.sana.sy\/es\/?p=37433","title":{"rendered":"Rusia: las conversaciones de Ginebra deben contar con una mayor participaci\u00f3n de la oposici\u00f3n siria"},"content":{"rendered":"<p><span style=\"color: #800000\">Mosc\u00fa, SANA<\/span><\/p>\n<p>El representante del presidente ruso para Asuntos de Oriente Medio y \u00c1frica, vicecanciller ruso, Mijael Bogdanov reiter\u00f3 la necesidad de que las conversaciones intersirias de Ginebra cuenten con una mayor participaci\u00f3n de los representantes de la oposici\u00f3n siria tanto que se encuentran tanto en el exterior como en el interior de Siria.<\/p>\n<p>En declaraciones al corresponsal de SANA en Mosc\u00fa, Bogdanov dijo que la representaci\u00f3n de la delegaci\u00f3n de la oposici\u00f3n siria a Ginebra debe ser amplia e integral en la mayor medida posible, de manera que se incluyen los protagonistas de las reuniones de Riad, Mosc\u00fa y el Cairo, entre otras encuentros que se desarrollaron dentro y fuera de Siria.<\/p>\n<p>Bogdanov llam\u00f3 a tomar precauci\u00f3n ante las partes que buscan obstaculizar estas conversaciones, as\u00ed como esforzarse para que este di\u00e1logo intersirio arranque en su fecha determinada [29 del viernes].<\/p>\n<p>Asimismo expres\u00f3 su esperanza en que todos los pa\u00edses asuman una parte de la responsabilidad, especialmente que la crisis siria ha llegada al nivel del arreglo pol\u00edtico, llamando a los sirios a cerrar filas ante el terrorismo del Estado Isl\u00e1mico y del Frente de al-Nousra, entre otras organizaciones terroristas.<\/p>\n<p>A su vez, el vicecanciller ruso, Gennady Gatilov dijo que no se habla de un posible aplazamiento de las conversaciones intersirias, destacando la importancia de que el di\u00e1logo entre los sirios inicie en su fecha determinada sin dilaci\u00f3n alguna.<\/p>\n<p>Gatilov manifest\u00f3 el rechazo de Rusia a la participaci\u00f3n de los llamados \u201cEj\u00e9rcito del Islam\u201d y \u201cAhrar al-Shaam\u201d en las reuniones de Ginebra, puesto que son organizaciones terroristas, a\u00f1adiendo que Mosc\u00fa y Washington est\u00e1n\u00a0de acuerdo sobre el punto de que las conversaciones no tendr\u00e1n perspectivas sin la asistencia\u00a0de los\u00a0kurdos sirios a\u00a0las mismas.<\/p>\n<p>&nbsp;<\/p>\n<p>&nbsp;<\/p>\n<p>Lynn A.<\/p>\n","protected":false},"excerpt":{"rendered":"<p>Mosc\u00fa, SANA El representante del presidente ruso para Asuntos de Oriente Medio y \u00c1frica, vicecanciller ruso, Mijael Bogdanov reiter\u00f3 la necesidad de que las conversaciones intersirias de Ginebra cuenten con una mayor participaci\u00f3n de los representantes de la oposici\u00f3n siria tanto que se encuentran tanto en el exterior como en el interior de Siria. En &hellip;<\/p>\n","protected":false},"author":24,"featured_media":37434,"comment_status":"closed","ping_status":"closed","sticky":false,"template":"","format":"standard","meta":{"footnotes":""},"categories":[597,467,7541],"tags":[],"class_list":["post-37433","post","type-post","status-publish","format-standard","has-post-thumbnail","","category-cinta-de-noticias","category-siria-y-el-mundo","category-ultimas-noticias"],"_links":{"self":[{"href":"https:\/\/archive.sana.sy\/es\/index.php?rest_route=\/wp\/v2\/posts\/37433"}],"collection":[{"href":"https:\/\/archive.sana.sy\/es\/index.php?rest_route=\/wp\/v2\/posts"}],"about":[{"href":"https:\/\/archive.sana.sy\/es\/index.php?rest_route=\/wp\/v2\/types\/post"}],"author":[{"embeddable":true,"href":"https:\/\/archive.sana.sy\/es\/index.php?rest_route=\/wp\/v2\/users\/24"}],"replies":[{"embeddable":true,"href":"https:\/\/archive.sana.sy\/es\/index.php?rest_route=%2Fwp%2Fv2%2Fcomments&post=37433"}],"version-history":[{"count":0,"href":"https:\/\/archive.sana.sy\/es\/index.php?rest_route=\/wp\/v2\/posts\/37433\/revisions"}],"wp:featuredmedia":[{"embeddable":true,"href":"https:\/\/archive.sana.sy\/es\/index.php?rest_route=\/wp\/v2\/media\/37434"}],"wp:attachment":[{"href":"https:\/\/archive.sana.sy\/es\/index.php?rest_route=%2Fwp%2Fv2%2Fmedia&parent=37433"}],"wp:term":[{"taxonomy":"category","embeddable":true,"href":"https:\/\/archive.sana.sy\/es\/index.php?rest_route=%2Fwp%2Fv2%2Fcategories&post=37433"},{"taxonomy":"post_tag","embeddable":true,"href":"https:\/\/archive.sana.sy\/es\/index.php?rest_route=%2Fwp%2Fv2%2Ftags&post=37433"}],"curies":[{"name":"wp","href":"https:\/\/api.w.org\/{rel}","templated":true}]}}