{"id":37453,"date":"2016-01-28T21:45:17","date_gmt":"2016-01-28T19:45:17","guid":{"rendered":"http:\/\/www.sana.sy\/es\/?p=37453"},"modified":"2016-01-28T21:45:17","modified_gmt":"2016-01-28T19:45:17","slug":"rohani-el-problema-en-siria-es-el-terrorismo-y-hay-que-respetar-la-voluntad-del-pueblo-sirio-a-la-autodeterminacion","status":"publish","type":"post","link":"https:\/\/archive.sana.sy\/es\/?p=37453","title":{"rendered":"Rohani: El problema en Siria es el terrorismo y hay que respetar la voluntad del pueblo sirio a la autodeterminaci\u00f3n"},"content":{"rendered":"<p>Paris-SANA<\/p>\n<p>El presidente de Ir\u00e1n Hasan Rohani reiter\u00f3 la postura de su pa\u00eds en relaci\u00f3n a Siria, donde destac\u00f3 que el pueblo sirio es que decide el futuro de su pa\u00eds, llamando al mismo tiempo a ayudar a los pueblos sirio e iraqu\u00ed en su lucha contra el terrorismo.<\/p>\n<p>En una rueda de prensa con su hom\u00f3logo franc\u00e9s, Rohani dijo que el problema en Siria es el terrorismo y llam\u00f3 a todas las partes a respetar el derecho a la autodeterminaci\u00f3n del pueblo sirio.<\/p>\n<p>Ha hecho referencia a la ola del terrorismo que azota la regi\u00f3n de Oriente Medio e indicado que Ir\u00e1n y Francia comparten puntos comunes en la necesidad de \u00a0erradicar ese fen\u00f3meno.<\/p>\n<p>Yamil K.<\/p>\n","protected":false},"excerpt":{"rendered":"<p>Paris-SANA El presidente de Ir\u00e1n Hasan Rohani reiter\u00f3 la postura de su pa\u00eds en relaci\u00f3n a Siria, donde destac\u00f3 que el pueblo sirio es que decide el futuro de su pa\u00eds, llamando al mismo tiempo a ayudar a los pueblos sirio e iraqu\u00ed en su lucha contra el terrorismo. En una rueda de prensa con &hellip;<\/p>\n","protected":false},"author":1,"featured_media":37454,"comment_status":"closed","ping_status":"closed","sticky":false,"template":"","format":"standard","meta":{"footnotes":""},"categories":[456,457,576,7541],"tags":[],"class_list":["post-37453","post","type-post","status-publish","format-standard","has-post-thumbnail","","category-arabe-internacional-politica","category-noticias-arabe-internacional-politica","category-noticias-politicas","category-ultimas-noticias"],"_links":{"self":[{"href":"https:\/\/archive.sana.sy\/es\/index.php?rest_route=\/wp\/v2\/posts\/37453"}],"collection":[{"href":"https:\/\/archive.sana.sy\/es\/index.php?rest_route=\/wp\/v2\/posts"}],"about":[{"href":"https:\/\/archive.sana.sy\/es\/index.php?rest_route=\/wp\/v2\/types\/post"}],"author":[{"embeddable":true,"href":"https:\/\/archive.sana.sy\/es\/index.php?rest_route=\/wp\/v2\/users\/1"}],"replies":[{"embeddable":true,"href":"https:\/\/archive.sana.sy\/es\/index.php?rest_route=%2Fwp%2Fv2%2Fcomments&post=37453"}],"version-history":[{"count":0,"href":"https:\/\/archive.sana.sy\/es\/index.php?rest_route=\/wp\/v2\/posts\/37453\/revisions"}],"wp:featuredmedia":[{"embeddable":true,"href":"https:\/\/archive.sana.sy\/es\/index.php?rest_route=\/wp\/v2\/media\/37454"}],"wp:attachment":[{"href":"https:\/\/archive.sana.sy\/es\/index.php?rest_route=%2Fwp%2Fv2%2Fmedia&parent=37453"}],"wp:term":[{"taxonomy":"category","embeddable":true,"href":"https:\/\/archive.sana.sy\/es\/index.php?rest_route=%2Fwp%2Fv2%2Fcategories&post=37453"},{"taxonomy":"post_tag","embeddable":true,"href":"https:\/\/archive.sana.sy\/es\/index.php?rest_route=%2Fwp%2Fv2%2Ftags&post=37453"}],"curies":[{"name":"wp","href":"https:\/\/api.w.org\/{rel}","templated":true}]}}