{"id":37460,"date":"2016-01-29T15:10:00","date_gmt":"2016-01-29T13:10:00","guid":{"rendered":"http:\/\/www.sana.sy\/es\/?p=37460"},"modified":"2016-01-29T16:45:16","modified_gmt":"2016-01-29T14:45:16","slug":"conversaciones-intersirias-comenzaran-hoy-viernes-como-estaba-previsto-segun-la-onu","status":"publish","type":"post","link":"https:\/\/archive.sana.sy\/es\/?p=37460","title":{"rendered":"Conversaciones intersirias comenzar\u00e1n hoy viernes como estaba previsto, seg\u00fan la\u00a0\u00a0ONU"},"content":{"rendered":"<p style=\"text-align: justify\"><span style=\"color: #800000\">Ginebra, SANA<\/span>&#8211; El Portavoz de la ONU, Ahmad Fawzi, confirm\u00f3 que las conversaciones inter-sirias en la ciudad de Ginebra comenzar\u00e1n hoy como estaba previsto.<\/p>\n<p style=\"text-align: justify\">Fawzi en su conferencia de prensa hoy en Ginebra, no precis\u00f3 la hora o el lugar de las negociaciones.<\/p>\n<p style=\"text-align: justify\">Por su parte, la portavoz oficial de las conversaciones sirias de Ginebra, Khawla Mattar dijo &#8220;En la segunda mitad del viernes empezamos las conversaciones iniciales con representantes de la delegaci\u00f3n del gobierno sirio .. y estamos listos para iniciar conversaciones con la oposici\u00f3n si su delegaci\u00f3n llegan a Ginebra el viernes.&#8221;<\/p>\n<p>M.Miri<\/p>\n","protected":false},"excerpt":{"rendered":"<p>Ginebra, SANA&#8211; El Portavoz de la ONU, Ahmad Fawzi, confirm\u00f3 que las conversaciones inter-sirias en la ciudad de Ginebra comenzar\u00e1n hoy como estaba previsto. Fawzi en su conferencia de prensa hoy en Ginebra, no precis\u00f3 la hora o el lugar de las negociaciones. Por su parte, la portavoz oficial de las conversaciones sirias de Ginebra, &hellip;<\/p>\n","protected":false},"author":1,"featured_media":37461,"comment_status":"closed","ping_status":"closed","sticky":false,"template":"","format":"standard","meta":{"footnotes":""},"categories":[467,583,7541],"tags":[7884,7885],"class_list":["post-37460","post","type-post","status-publish","format-standard","has-post-thumbnail","","category-siria-y-el-mundo","category-slide","category-ultimas-noticias","tag-conversaciones-intersirias-comenzaran-hoy-viernes-como-estaba-previsto","tag-segun-la-onu"],"_links":{"self":[{"href":"https:\/\/archive.sana.sy\/es\/index.php?rest_route=\/wp\/v2\/posts\/37460"}],"collection":[{"href":"https:\/\/archive.sana.sy\/es\/index.php?rest_route=\/wp\/v2\/posts"}],"about":[{"href":"https:\/\/archive.sana.sy\/es\/index.php?rest_route=\/wp\/v2\/types\/post"}],"author":[{"embeddable":true,"href":"https:\/\/archive.sana.sy\/es\/index.php?rest_route=\/wp\/v2\/users\/1"}],"replies":[{"embeddable":true,"href":"https:\/\/archive.sana.sy\/es\/index.php?rest_route=%2Fwp%2Fv2%2Fcomments&post=37460"}],"version-history":[{"count":0,"href":"https:\/\/archive.sana.sy\/es\/index.php?rest_route=\/wp\/v2\/posts\/37460\/revisions"}],"wp:featuredmedia":[{"embeddable":true,"href":"https:\/\/archive.sana.sy\/es\/index.php?rest_route=\/wp\/v2\/media\/37461"}],"wp:attachment":[{"href":"https:\/\/archive.sana.sy\/es\/index.php?rest_route=%2Fwp%2Fv2%2Fmedia&parent=37460"}],"wp:term":[{"taxonomy":"category","embeddable":true,"href":"https:\/\/archive.sana.sy\/es\/index.php?rest_route=%2Fwp%2Fv2%2Fcategories&post=37460"},{"taxonomy":"post_tag","embeddable":true,"href":"https:\/\/archive.sana.sy\/es\/index.php?rest_route=%2Fwp%2Fv2%2Ftags&post=37460"}],"curies":[{"name":"wp","href":"https:\/\/api.w.org\/{rel}","templated":true}]}}