{"id":37463,"date":"2016-01-29T15:27:11","date_gmt":"2016-01-29T13:27:11","guid":{"rendered":"http:\/\/www.sana.sy\/es\/?p=37463"},"modified":"2016-01-29T15:27:11","modified_gmt":"2016-01-29T13:27:11","slug":"moscu-insta-a-todas-las-partes-sirias-a-participar-en-las-conversaciones-de-paz-previstas-sin-condiciones-previas","status":"publish","type":"post","link":"https:\/\/archive.sana.sy\/es\/?p=37463","title":{"rendered":"Mosc\u00fa insta a todas las partes sirias a participar en las conversaciones de paz previstas &#8220;sin condiciones previas&#8221;"},"content":{"rendered":"<p style=\"text-align: justify\"><span style=\"color: #800000\">Mosc\u00fa, SANA<\/span>&#8211; El Ministerio de Relaciones Exteriores de Rusia pidi\u00f3 a todas las partes sirias a participar en las conversaciones de Ginebra sin condiciones previas, reiterando al posici\u00f3n firme de Mosc\u00fa en llegar a una soluci\u00f3n pol\u00edtica a la crisis en Siria.<\/p>\n<p style=\"text-align: justify\">La portavoz oficial de la canciller\u00eda rusa, Maria Zakharova, dijo en una conferencia de prensa: &#8220;pedimos de todas las partes a participar activamente en las conversaciones sin condiciones previas con el fin de llegar a una soluci\u00f3n pol\u00edtica a la crisis en Siria&#8221;, a\u00f1adiendo que &#8221; la oposici\u00f3n debe actuar de acuerdo con el principio de la amplia e inclusiva representaci\u00f3n, porque esto es lo que garantiza llegar a un arreglo pol\u00edtico real de la crisis\u201d.<\/p>\n<p style=\"text-align: justify\">\nEl Enviado Especial del Presidente de Rusia para Medio Oriente y \u00c1frica, el vicecanciller Mija\u00edl Bogd\u00e1nov, reconfirm\u00f3 que la comunidad internacional deber\u00eda leer con comprensi\u00f3n y respetar la Resoluci\u00f3n &#8221; N-2254 &#8221; aprobada por unanimidad por el Consejo de Seguridad de la ONU, seg\u00fan la cual la representaci\u00f3n de la delegaci\u00f3n de la oposici\u00f3n debe ser integral y amplia.<\/p>\n<p>M.Miri<\/p>\n","protected":false},"excerpt":{"rendered":"<p>Mosc\u00fa, SANA&#8211; El Ministerio de Relaciones Exteriores de Rusia pidi\u00f3 a todas las partes sirias a participar en las conversaciones de Ginebra sin condiciones previas, reiterando al posici\u00f3n firme de Mosc\u00fa en llegar a una soluci\u00f3n pol\u00edtica a la crisis en Siria. La portavoz oficial de la canciller\u00eda rusa, Maria Zakharova, dijo en una conferencia &hellip;<\/p>\n","protected":false},"author":1,"featured_media":37464,"comment_status":"closed","ping_status":"closed","sticky":false,"template":"","format":"standard","meta":{"footnotes":""},"categories":[467,7541],"tags":[7886],"class_list":["post-37463","post","type-post","status-publish","format-standard","has-post-thumbnail","","category-siria-y-el-mundo","category-ultimas-noticias","tag-moscu-insta-a-todas-las-partes-sirias-a-participar-en-las-conversaciones-de-paz-previstas-sin-condiciones-previas"],"_links":{"self":[{"href":"https:\/\/archive.sana.sy\/es\/index.php?rest_route=\/wp\/v2\/posts\/37463"}],"collection":[{"href":"https:\/\/archive.sana.sy\/es\/index.php?rest_route=\/wp\/v2\/posts"}],"about":[{"href":"https:\/\/archive.sana.sy\/es\/index.php?rest_route=\/wp\/v2\/types\/post"}],"author":[{"embeddable":true,"href":"https:\/\/archive.sana.sy\/es\/index.php?rest_route=\/wp\/v2\/users\/1"}],"replies":[{"embeddable":true,"href":"https:\/\/archive.sana.sy\/es\/index.php?rest_route=%2Fwp%2Fv2%2Fcomments&post=37463"}],"version-history":[{"count":0,"href":"https:\/\/archive.sana.sy\/es\/index.php?rest_route=\/wp\/v2\/posts\/37463\/revisions"}],"wp:featuredmedia":[{"embeddable":true,"href":"https:\/\/archive.sana.sy\/es\/index.php?rest_route=\/wp\/v2\/media\/37464"}],"wp:attachment":[{"href":"https:\/\/archive.sana.sy\/es\/index.php?rest_route=%2Fwp%2Fv2%2Fmedia&parent=37463"}],"wp:term":[{"taxonomy":"category","embeddable":true,"href":"https:\/\/archive.sana.sy\/es\/index.php?rest_route=%2Fwp%2Fv2%2Fcategories&post=37463"},{"taxonomy":"post_tag","embeddable":true,"href":"https:\/\/archive.sana.sy\/es\/index.php?rest_route=%2Fwp%2Fv2%2Ftags&post=37463"}],"curies":[{"name":"wp","href":"https:\/\/api.w.org\/{rel}","templated":true}]}}