{"id":37466,"date":"2016-01-29T16:45:03","date_gmt":"2016-01-29T14:45:03","guid":{"rendered":"http:\/\/www.sana.sy\/es\/?p=37466"},"modified":"2016-01-30T13:05:13","modified_gmt":"2016-01-30T11:05:13","slug":"el-enviado-de-la-onu-se-reunira-con-la-delegacion-del-gobierno-sirio-este-viernes","status":"publish","type":"post","link":"https:\/\/archive.sana.sy\/es\/?p=37466","title":{"rendered":"De Mistura se reunir\u00e1 con la delegaci\u00f3n del Gobierno sirio este viernes"},"content":{"rendered":"<p style=\"text-align: justify\"><span style=\"color: #800000\">Ginebra, SANA<\/span>&#8211; El delegado de la ONU para Siria, Staffan de Mistura, se reunir\u00e1 este viernes con la delegaci\u00f3n del Gobierno sirio en Ginebra para dar comienzo a las primeras conversaciones de paz, seg\u00fan anunci\u00f3 Khawla Mattar, la portavoz del enviado especial de la ONU.<\/p>\n<p style=\"text-align: justify\">&#8220;De Mistura comenzar\u00e1 reuni\u00e9ndose hoy con la delegaci\u00f3n del Gobierno, encabezada por el representante permanente de Siria ante la ONU (en Ginebra), Bashar Al-Jaafari&#8221;, y continuar\u00e1 con encuentros con otros participantes en las conversaciones y con representantes de la sociedad civil&#8221;, ha precisado un comunicado del delegado de la ONU.<\/p>\n<p style=\"text-align: justify\">Es de se\u00f1alar que el Portavoz de la ONU, Ahmad Fawzi, confirm\u00f3 que las conversaciones inter-sirias en la ciudad de Ginebra comenzar\u00e1n hoy como estaba previsto.<\/p>\n<p>M.Miri<\/p>\n","protected":false},"excerpt":{"rendered":"<p>Ginebra, SANA&#8211; El delegado de la ONU para Siria, Staffan de Mistura, se reunir\u00e1 este viernes con la delegaci\u00f3n del Gobierno sirio en Ginebra para dar comienzo a las primeras conversaciones de paz, seg\u00fan anunci\u00f3 Khawla Mattar, la portavoz del enviado especial de la ONU. &#8220;De Mistura comenzar\u00e1 reuni\u00e9ndose hoy con la delegaci\u00f3n del Gobierno, &hellip;<\/p>\n","protected":false},"author":1,"featured_media":37467,"comment_status":"closed","ping_status":"closed","sticky":false,"template":"","format":"standard","meta":{"footnotes":""},"categories":[467,583,7541],"tags":[7887],"class_list":["post-37466","post","type-post","status-publish","format-standard","has-post-thumbnail","","category-siria-y-el-mundo","category-slide","category-ultimas-noticias","tag-el-enviado-de-la-onu-se-reunira-con-la-delegacion-del-gobierno-sirio-este-viernes"],"_links":{"self":[{"href":"https:\/\/archive.sana.sy\/es\/index.php?rest_route=\/wp\/v2\/posts\/37466"}],"collection":[{"href":"https:\/\/archive.sana.sy\/es\/index.php?rest_route=\/wp\/v2\/posts"}],"about":[{"href":"https:\/\/archive.sana.sy\/es\/index.php?rest_route=\/wp\/v2\/types\/post"}],"author":[{"embeddable":true,"href":"https:\/\/archive.sana.sy\/es\/index.php?rest_route=\/wp\/v2\/users\/1"}],"replies":[{"embeddable":true,"href":"https:\/\/archive.sana.sy\/es\/index.php?rest_route=%2Fwp%2Fv2%2Fcomments&post=37466"}],"version-history":[{"count":0,"href":"https:\/\/archive.sana.sy\/es\/index.php?rest_route=\/wp\/v2\/posts\/37466\/revisions"}],"wp:featuredmedia":[{"embeddable":true,"href":"https:\/\/archive.sana.sy\/es\/index.php?rest_route=\/wp\/v2\/media\/37467"}],"wp:attachment":[{"href":"https:\/\/archive.sana.sy\/es\/index.php?rest_route=%2Fwp%2Fv2%2Fmedia&parent=37466"}],"wp:term":[{"taxonomy":"category","embeddable":true,"href":"https:\/\/archive.sana.sy\/es\/index.php?rest_route=%2Fwp%2Fv2%2Fcategories&post=37466"},{"taxonomy":"post_tag","embeddable":true,"href":"https:\/\/archive.sana.sy\/es\/index.php?rest_route=%2Fwp%2Fv2%2Ftags&post=37466"}],"curies":[{"name":"wp","href":"https:\/\/api.w.org\/{rel}","templated":true}]}}