{"id":37471,"date":"2016-01-29T16:13:40","date_gmt":"2016-01-29T14:13:40","guid":{"rendered":"http:\/\/www.sana.sy\/es\/?p=37471"},"modified":"2016-01-29T20:07:18","modified_gmt":"2016-01-29T18:07:18","slug":"dos-muertos-y-siete-heridos-en-un-ataque-contra-una-mezquita-saudi","status":"publish","type":"post","link":"https:\/\/archive.sana.sy\/es\/?p=37471","title":{"rendered":"4 muertos y 18 heridos en un ataque contra una mezquita saud\u00ed"},"content":{"rendered":"<p style=\"text-align: justify\"><span style=\"color: #800000\">Al-Ahs\u00e1, SANA<\/span>&#8211; Al menos cuatro\u00a0\u00a0personas perdieron la vida y otras 18\u00a0\u00a0resultaron heridas este viernes tras un ataque terrorista perpetrado con explosivos y disparos contra una mezquita en la provincia Al Ahs\u00e1, en el sureste de Arabia Saudita.<\/p>\n<p style=\"text-align: justify\">Seg\u00fan fuente del Ministerio de Interior Saudita, el ataque que coincidi\u00f3 con el rezo del viernes, tuvo lugar en la mezquita de Al Reda en la localidad de Al Mahasen.<\/p>\n<p style=\"text-align: justify\">Asimismo, se conoci\u00f3 que uno de los dos agresores deton\u00f3 el cintur\u00f3n explosivo que llevaba adosado al cuerpo en el interior del templo, mientras que el segundo tambi\u00e9n con una bomba, fue arrestado por los servicios de seguridad ayudados por los fieles, antes de que pudiera detonarla.<\/p>\n<p>M.Miri<\/p>\n","protected":false},"excerpt":{"rendered":"<p>Al-Ahs\u00e1, SANA&#8211; Al menos cuatro\u00a0\u00a0personas perdieron la vida y otras 18\u00a0\u00a0resultaron heridas este viernes tras un ataque terrorista perpetrado con explosivos y disparos contra una mezquita en la provincia Al Ahs\u00e1, en el sureste de Arabia Saudita. Seg\u00fan fuente del Ministerio de Interior Saudita, el ataque que coincidi\u00f3 con el rezo del viernes, tuvo lugar &hellip;<\/p>\n","protected":false},"author":1,"featured_media":37472,"comment_status":"closed","ping_status":"closed","sticky":false,"template":"","format":"standard","meta":{"footnotes":""},"categories":[456,457],"tags":[7888],"class_list":["post-37471","post","type-post","status-publish","format-standard","has-post-thumbnail","","category-arabe-internacional-politica","category-noticias-arabe-internacional-politica","tag-dos-muertos-y-siete-heridos-en-un-ataque-contra-una-mezquita-saudi"],"_links":{"self":[{"href":"https:\/\/archive.sana.sy\/es\/index.php?rest_route=\/wp\/v2\/posts\/37471"}],"collection":[{"href":"https:\/\/archive.sana.sy\/es\/index.php?rest_route=\/wp\/v2\/posts"}],"about":[{"href":"https:\/\/archive.sana.sy\/es\/index.php?rest_route=\/wp\/v2\/types\/post"}],"author":[{"embeddable":true,"href":"https:\/\/archive.sana.sy\/es\/index.php?rest_route=\/wp\/v2\/users\/1"}],"replies":[{"embeddable":true,"href":"https:\/\/archive.sana.sy\/es\/index.php?rest_route=%2Fwp%2Fv2%2Fcomments&post=37471"}],"version-history":[{"count":0,"href":"https:\/\/archive.sana.sy\/es\/index.php?rest_route=\/wp\/v2\/posts\/37471\/revisions"}],"wp:featuredmedia":[{"embeddable":true,"href":"https:\/\/archive.sana.sy\/es\/index.php?rest_route=\/wp\/v2\/media\/37472"}],"wp:attachment":[{"href":"https:\/\/archive.sana.sy\/es\/index.php?rest_route=%2Fwp%2Fv2%2Fmedia&parent=37471"}],"wp:term":[{"taxonomy":"category","embeddable":true,"href":"https:\/\/archive.sana.sy\/es\/index.php?rest_route=%2Fwp%2Fv2%2Fcategories&post=37471"},{"taxonomy":"post_tag","embeddable":true,"href":"https:\/\/archive.sana.sy\/es\/index.php?rest_route=%2Fwp%2Fv2%2Ftags&post=37471"}],"curies":[{"name":"wp","href":"https:\/\/api.w.org\/{rel}","templated":true}]}}