{"id":37479,"date":"2016-01-29T17:15:15","date_gmt":"2016-01-29T15:15:15","guid":{"rendered":"http:\/\/www.sana.sy\/es\/?p=37479"},"modified":"2023-01-09T14:09:33","modified_gmt":"2023-01-09T12:09:33","slug":"mueren-tres-ninos-en-ataques-terroristas-contra-la-ciudad-de-deir-ez-zor","status":"publish","type":"post","link":"https:\/\/archive.sana.sy\/es\/?p=37479","title":{"rendered":"Mueren tres ni\u00f1os en ataque terrorista contra la ciudad de Deir ez-Zor"},"content":{"rendered":"<p style=\"text-align: justify\"><span style=\"color: #800000\">Deir ez-Zor, SANA<\/span>&#8211; Tres ni\u00f1os cayeron m\u00e1rtires y otros tres resultaron heridos a causa de un ataque terroristas con proyectiles de cohetes contra un barrio residencial en la ciudad de Deir ez-Zor situada en el noreste de Siria.<\/p>\n<p style=\"text-align: justify\">De acuerdo con un comunicado emitido por la gobernaci\u00f3n de la provincia, integrantes del grupo terrorista (Daesh) lazaron el viernes dos proyectiles de cohete contra el barrio residencial al-Kusour, causando la muerte a tres ni\u00f1os y lesiones a otros tres, adem\u00e1s de provocar da\u00f1os materiales en las propiedades privadas y p\u00fablicas.<\/p>\n<p style=\"text-align: justify\">Anteriormente, cinco civiles perdieron la vida y otros seis resultaron heridos en ataques similares perpetrados por (EI) contra los barrios de al-Yura y al-Kusour en la ciudad de Deir ez-Zor.<\/p>\n<p>M.Miri<\/p>\n","protected":false},"excerpt":{"rendered":"<p>Deir ez-Zor, SANA&#8211; Tres ni\u00f1os cayeron m\u00e1rtires y otros tres resultaron heridos a causa de un ataque terroristas con proyectiles de cohetes contra un barrio residencial en la ciudad de Deir ez-Zor situada en el noreste de Siria. De acuerdo con un comunicado emitido por la gobernaci\u00f3n de la provincia, integrantes del grupo terrorista (Daesh) &hellip;<\/p>\n","protected":false},"author":1,"featured_media":37480,"comment_status":"closed","ping_status":"closed","sticky":false,"template":"","format":"standard","meta":{"footnotes":""},"categories":[477,476,583],"tags":[7891,7890],"class_list":["post-37479","post","type-post","status-publish","format-standard","has-post-thumbnail","","category-noticias-edulcorantes","category-locales","category-slide","tag-mueren-tres-ninos-en-ataque-terrorista-contra-la-ciudad-de-deir-ez-zor","tag-mueren-tres-ninos-en-ataques-terroristas-contra-la-ciudad-de-deir-ez-zor"],"_links":{"self":[{"href":"https:\/\/archive.sana.sy\/es\/index.php?rest_route=\/wp\/v2\/posts\/37479"}],"collection":[{"href":"https:\/\/archive.sana.sy\/es\/index.php?rest_route=\/wp\/v2\/posts"}],"about":[{"href":"https:\/\/archive.sana.sy\/es\/index.php?rest_route=\/wp\/v2\/types\/post"}],"author":[{"embeddable":true,"href":"https:\/\/archive.sana.sy\/es\/index.php?rest_route=\/wp\/v2\/users\/1"}],"replies":[{"embeddable":true,"href":"https:\/\/archive.sana.sy\/es\/index.php?rest_route=%2Fwp%2Fv2%2Fcomments&post=37479"}],"version-history":[{"count":0,"href":"https:\/\/archive.sana.sy\/es\/index.php?rest_route=\/wp\/v2\/posts\/37479\/revisions"}],"wp:featuredmedia":[{"embeddable":true,"href":"https:\/\/archive.sana.sy\/es\/index.php?rest_route=\/wp\/v2\/media\/37480"}],"wp:attachment":[{"href":"https:\/\/archive.sana.sy\/es\/index.php?rest_route=%2Fwp%2Fv2%2Fmedia&parent=37479"}],"wp:term":[{"taxonomy":"category","embeddable":true,"href":"https:\/\/archive.sana.sy\/es\/index.php?rest_route=%2Fwp%2Fv2%2Fcategories&post=37479"},{"taxonomy":"post_tag","embeddable":true,"href":"https:\/\/archive.sana.sy\/es\/index.php?rest_route=%2Fwp%2Fv2%2Ftags&post=37479"}],"curies":[{"name":"wp","href":"https:\/\/api.w.org\/{rel}","templated":true}]}}