{"id":37486,"date":"2016-01-29T18:14:53","date_gmt":"2016-01-29T16:14:53","guid":{"rendered":"http:\/\/www.sana.sy\/es\/?p=37486"},"modified":"2016-01-29T18:53:00","modified_gmt":"2016-01-29T16:53:00","slug":"lavrov-y-kerry-debaten-telefonicamente-la-cuestion-siria","status":"publish","type":"post","link":"https:\/\/archive.sana.sy\/es\/?p=37486","title":{"rendered":"Lavrov y Kerry debaten telef\u00f3nicamente la cuesti\u00f3n siria"},"content":{"rendered":"<p style=\"text-align: justify\"><span style=\"color: #800000\">Mosc\u00fa, SANA<\/span>&#8211; El canciller ruso, Serguei Lavrov y su hom\u00f3logo estadounidense, John Kerry \u00a0destacaron durante\u00a0una\u00a0 conversaci\u00f3n telef\u00f3nica la importancia de emplear los esfuerzos del Enviado Especial de la ONU, Staffn De Mistrura, en materia de organizar las conversaciones que se desarrollar\u00e1n a finales del mes en curso entre los representantes del Gobierno sirio y los de la oposici\u00f3n para alcanzar un arreglo pol\u00edtico de la crisis siria.<\/p>\n<p style=\"text-align: justify\">De acuerdo con la Canciller\u00eda Rusa, ambas partes intercambiaron opiniones en respecto a la cuesti\u00f3n Siria, agregando que el Canciller puso de relieve la necesidad de que la agenda de las conversaciones de Ginebra se conforme con los requisitos de la resoluci\u00f3n No.2254 emitida por el Consejo de Seguridad de la ONU en materia de la lucha contra las organizaciones terroristas.<\/p>\n<p style=\"text-align: justify\">En el mismo contexto, Lavrov reiter\u00f3 el rechazo de imponer condiciones previas para el comienzo de las conversaciones por parte de la oposici\u00f3n, exigiendo al mismo tiempo una amplia representaci\u00f3n de la oposici\u00f3n.<\/p>\n<p>M.Miri<\/p>\n","protected":false},"excerpt":{"rendered":"<p>Mosc\u00fa, SANA&#8211; El canciller ruso, Serguei Lavrov y su hom\u00f3logo estadounidense, John Kerry \u00a0destacaron durante\u00a0una\u00a0 conversaci\u00f3n telef\u00f3nica la importancia de emplear los esfuerzos del Enviado Especial de la ONU, Staffn De Mistrura, en materia de organizar las conversaciones que se desarrollar\u00e1n a finales del mes en curso entre los representantes del Gobierno sirio y los &hellip;<\/p>\n","protected":false},"author":1,"featured_media":37487,"comment_status":"closed","ping_status":"closed","sticky":false,"template":"","format":"standard","meta":{"footnotes":""},"categories":[467,7541],"tags":[7893],"class_list":["post-37486","post","type-post","status-publish","format-standard","has-post-thumbnail","","category-siria-y-el-mundo","category-ultimas-noticias","tag-lavrov-y-kerry-debaten-telefonicamente-la-cuestion-siria"],"_links":{"self":[{"href":"https:\/\/archive.sana.sy\/es\/index.php?rest_route=\/wp\/v2\/posts\/37486"}],"collection":[{"href":"https:\/\/archive.sana.sy\/es\/index.php?rest_route=\/wp\/v2\/posts"}],"about":[{"href":"https:\/\/archive.sana.sy\/es\/index.php?rest_route=\/wp\/v2\/types\/post"}],"author":[{"embeddable":true,"href":"https:\/\/archive.sana.sy\/es\/index.php?rest_route=\/wp\/v2\/users\/1"}],"replies":[{"embeddable":true,"href":"https:\/\/archive.sana.sy\/es\/index.php?rest_route=%2Fwp%2Fv2%2Fcomments&post=37486"}],"version-history":[{"count":0,"href":"https:\/\/archive.sana.sy\/es\/index.php?rest_route=\/wp\/v2\/posts\/37486\/revisions"}],"wp:featuredmedia":[{"embeddable":true,"href":"https:\/\/archive.sana.sy\/es\/index.php?rest_route=\/wp\/v2\/media\/37487"}],"wp:attachment":[{"href":"https:\/\/archive.sana.sy\/es\/index.php?rest_route=%2Fwp%2Fv2%2Fmedia&parent=37486"}],"wp:term":[{"taxonomy":"category","embeddable":true,"href":"https:\/\/archive.sana.sy\/es\/index.php?rest_route=%2Fwp%2Fv2%2Fcategories&post=37486"},{"taxonomy":"post_tag","embeddable":true,"href":"https:\/\/archive.sana.sy\/es\/index.php?rest_route=%2Fwp%2Fv2%2Ftags&post=37486"}],"curies":[{"name":"wp","href":"https:\/\/api.w.org\/{rel}","templated":true}]}}