{"id":37510,"date":"2016-01-30T12:31:02","date_gmt":"2016-01-30T10:31:02","guid":{"rendered":"http:\/\/www.sana.sy\/es\/?p=37510"},"modified":"2016-01-30T22:51:28","modified_gmt":"2016-01-30T20:51:28","slug":"jaafari-gobierno-sirio-tiene-interes-en-el-dialogo-y-la-busqueda-de-una-solucion-politica","status":"publish","type":"post","link":"https:\/\/archive.sana.sy\/es\/?p=37510","title":{"rendered":"Jaafari: Gobierno sirio tiene inter\u00e9s en el di\u00e1logo y la b\u00fasqueda de una soluci\u00f3n pol\u00edtica"},"content":{"rendered":"<p style=\"text-align: justify\"><span style=\"color: #800000\">Ginebra, SANA-\u00a0<\/span>La delegaci\u00f3n de la Rep\u00fablica \u00c1rabe Siria en Ginebra sostuvo ayer el viernes una reuni\u00f3n con el enviado especial de la ONU a Siria, Staffan de Mistura.<\/p>\n<p style=\"text-align: justify\">Fuentes de las Naciones Unidas informaron que el jefe de la delegaci\u00f3n Bashar al Jaafari, afirm\u00f3 durante la reuni\u00f3n el apego de los sirios a la preservaci\u00f3n de la unidad, independencia y soberan\u00eda de Siria.<\/p>\n<p style=\"text-align: justify\">Jaafari destac\u00f3 que el Gobierno sirio est\u00e1 serio e interesado en los di\u00e1logos de paz y en la b\u00fasqueda de una soluci\u00f3n pol\u00edtica para sacar al pa\u00eds de la crisis, aclarando que dicha soluci\u00f3n debe ser definida por los propios sirios sin intervenci\u00f3n extranjera.<\/p>\n<p style=\"text-align: justify\">El diplom\u00e1tico sirio reiter\u00f3 que ciertas partes est\u00e1n financiando las entidades terroristas y se niegan a incluirlas en la lista de las organizaciones del terrorismo internacional. En este sentido, dijo que partes regionales califican a de \u201coposici\u00f3n moderada\u201d a los terroristas extranjeros que est\u00e1n protagonizando una guerra subsidiaria contra Siria con el apoyo que brindan al terrorismo.<\/p>\n<p style=\"text-align: justify\">En el mismo contexto, el embajador permanente de Siria ante la ONU record\u00f3 que el Consejo de Seguridad de las Naciones Unidas consider\u00f3 terroristas a los grupos takfir\u00edes del Estado Isl\u00e1mico y el Frente Al Nousra, y sus simpatizantes, lo cual implica que el grupo &#8220;Ahrar al Sham\u201d es una organizaci\u00f3n terrorista.<\/p>\n<p style=\"text-align: justify\">Por su parte, De Mistura subray\u00f3 la necesidad de un proceso pol\u00edtico liderado por los sirios y dijo que est\u00e1 a la espera de recibir respuestas sobre las invitaciones que envi\u00f3 a algunos grupos opositores.<\/p>\n<p style=\"text-align: justify\">En declaraciones a la prensa tras el encuentro, el enviado de la ONU declar\u00f3 ante la prensa que \u201clas reuniones de Ginebra buscan iniciar un proceso pol\u00edtico y son la mejor opci\u00f3n para encontrar una soluci\u00f3n a la crisis en Siria\u201d.<\/p>\n<p style=\"text-align: justify\">Tras indicar que las conversaciones probablemente comenzar\u00e1n el pr\u00f3ximo domingo y durar\u00e1n entre tres y cuatro d\u00edas, De Mistura asegur\u00f3 haber pedido a los grupos de la oposici\u00f3n siria que participen en el encuentro en Ginebra sin precondiciones.<\/p>\n<p>&nbsp;<\/p>\n<p>&nbsp;<\/p>\n<p>Fady M., Lynn A.<\/p>\n","protected":false},"excerpt":{"rendered":"<p>Ginebra, SANA-\u00a0La delegaci\u00f3n de la Rep\u00fablica \u00c1rabe Siria en Ginebra sostuvo ayer el viernes una reuni\u00f3n con el enviado especial de la ONU a Siria, Staffan de Mistura. Fuentes de las Naciones Unidas informaron que el jefe de la delegaci\u00f3n Bashar al Jaafari, afirm\u00f3 durante la reuni\u00f3n el apego de los sirios a la preservaci\u00f3n &hellip;<\/p>\n","protected":false},"author":24,"featured_media":37511,"comment_status":"closed","ping_status":"closed","sticky":false,"template":"","format":"standard","meta":{"footnotes":""},"categories":[597,467,583],"tags":[],"class_list":["post-37510","post","type-post","status-publish","format-standard","has-post-thumbnail","","category-cinta-de-noticias","category-siria-y-el-mundo","category-slide"],"_links":{"self":[{"href":"https:\/\/archive.sana.sy\/es\/index.php?rest_route=\/wp\/v2\/posts\/37510"}],"collection":[{"href":"https:\/\/archive.sana.sy\/es\/index.php?rest_route=\/wp\/v2\/posts"}],"about":[{"href":"https:\/\/archive.sana.sy\/es\/index.php?rest_route=\/wp\/v2\/types\/post"}],"author":[{"embeddable":true,"href":"https:\/\/archive.sana.sy\/es\/index.php?rest_route=\/wp\/v2\/users\/24"}],"replies":[{"embeddable":true,"href":"https:\/\/archive.sana.sy\/es\/index.php?rest_route=%2Fwp%2Fv2%2Fcomments&post=37510"}],"version-history":[{"count":0,"href":"https:\/\/archive.sana.sy\/es\/index.php?rest_route=\/wp\/v2\/posts\/37510\/revisions"}],"wp:featuredmedia":[{"embeddable":true,"href":"https:\/\/archive.sana.sy\/es\/index.php?rest_route=\/wp\/v2\/media\/37511"}],"wp:attachment":[{"href":"https:\/\/archive.sana.sy\/es\/index.php?rest_route=%2Fwp%2Fv2%2Fmedia&parent=37510"}],"wp:term":[{"taxonomy":"category","embeddable":true,"href":"https:\/\/archive.sana.sy\/es\/index.php?rest_route=%2Fwp%2Fv2%2Fcategories&post=37510"},{"taxonomy":"post_tag","embeddable":true,"href":"https:\/\/archive.sana.sy\/es\/index.php?rest_route=%2Fwp%2Fv2%2Ftags&post=37510"}],"curies":[{"name":"wp","href":"https:\/\/api.w.org\/{rel}","templated":true}]}}