{"id":37537,"date":"2016-01-30T16:58:49","date_gmt":"2016-01-30T14:58:49","guid":{"rendered":"http:\/\/www.sana.sy\/es\/?p=37537"},"modified":"2016-01-30T22:52:39","modified_gmt":"2016-01-30T20:52:39","slug":"acto-de-solidaridad-con-el-pueblo-palestino-en-damasco","status":"publish","type":"post","link":"https:\/\/archive.sana.sy\/es\/?p=37537","title":{"rendered":"Acto de solidaridad con el pueblo palestino en Damasco"},"content":{"rendered":"<p style=\"text-align: justify\"><span style=\"color: #800000\">Damasco, SANA-\u00a0<\/span>Representantes de partidos y fuerzas pol\u00edticos sirios y palestinos organizaron\u00a0este s\u00e1bado un acto para expresar su apoyo al pueblo palestino frente a las pr\u00e1cticas inhumanas que sufre a manos del ocupante israel\u00ed.<\/p>\n<p style=\"text-align: justify\">El acto de solidaridad se produjo con motivo del D\u00eda Internacional para el Apoyo a los Derechos de los Palestinos en el Territorio ocupado, y fue realizado\u00a0dentro\u00a0la sede de\u00a0la Embajada de Palestina en la capital siria Damasco.<\/p>\n<p style=\"text-align: justify\">Los protagonistas de este acto dirigieron una carta a la ONU y su Alto Comisionado de Derechos Humanos, en la cual exigieron ejercer presiones sobre las autoridades del ente sionista para que detengan la pol\u00edtica de racismo y marginalizaci\u00f3n practicada contra el pueblo palestino.<\/p>\n<p style=\"text-align: justify\">Asimismo reiteraron la necesidad de que el pueblo palestino recupere todos sus derechos leg\u00edtimos, especialmente el derecho al retorno.<\/p>\n<p>Lynn A.<\/p>\n","protected":false},"excerpt":{"rendered":"<p>Damasco, SANA-\u00a0Representantes de partidos y fuerzas pol\u00edticos sirios y palestinos organizaron\u00a0este s\u00e1bado un acto para expresar su apoyo al pueblo palestino frente a las pr\u00e1cticas inhumanas que sufre a manos del ocupante israel\u00ed. El acto de solidaridad se produjo con motivo del D\u00eda Internacional para el Apoyo a los Derechos de los Palestinos en el &hellip;<\/p>\n","protected":false},"author":24,"featured_media":37541,"comment_status":"closed","ping_status":"closed","sticky":false,"template":"","format":"standard","meta":{"footnotes":""},"categories":[477,476,7541],"tags":[],"class_list":["post-37537","post","type-post","status-publish","format-standard","has-post-thumbnail","","category-noticias-edulcorantes","category-locales","category-ultimas-noticias"],"_links":{"self":[{"href":"https:\/\/archive.sana.sy\/es\/index.php?rest_route=\/wp\/v2\/posts\/37537"}],"collection":[{"href":"https:\/\/archive.sana.sy\/es\/index.php?rest_route=\/wp\/v2\/posts"}],"about":[{"href":"https:\/\/archive.sana.sy\/es\/index.php?rest_route=\/wp\/v2\/types\/post"}],"author":[{"embeddable":true,"href":"https:\/\/archive.sana.sy\/es\/index.php?rest_route=\/wp\/v2\/users\/24"}],"replies":[{"embeddable":true,"href":"https:\/\/archive.sana.sy\/es\/index.php?rest_route=%2Fwp%2Fv2%2Fcomments&post=37537"}],"version-history":[{"count":0,"href":"https:\/\/archive.sana.sy\/es\/index.php?rest_route=\/wp\/v2\/posts\/37537\/revisions"}],"wp:featuredmedia":[{"embeddable":true,"href":"https:\/\/archive.sana.sy\/es\/index.php?rest_route=\/wp\/v2\/media\/37541"}],"wp:attachment":[{"href":"https:\/\/archive.sana.sy\/es\/index.php?rest_route=%2Fwp%2Fv2%2Fmedia&parent=37537"}],"wp:term":[{"taxonomy":"category","embeddable":true,"href":"https:\/\/archive.sana.sy\/es\/index.php?rest_route=%2Fwp%2Fv2%2Fcategories&post=37537"},{"taxonomy":"post_tag","embeddable":true,"href":"https:\/\/archive.sana.sy\/es\/index.php?rest_route=%2Fwp%2Fv2%2Ftags&post=37537"}],"curies":[{"name":"wp","href":"https:\/\/api.w.org\/{rel}","templated":true}]}}