{"id":37546,"date":"2016-01-30T19:16:06","date_gmt":"2016-01-30T17:16:06","guid":{"rendered":"http:\/\/www.sana.sy\/es\/?p=37546"},"modified":"2016-01-30T19:16:06","modified_gmt":"2016-01-30T17:16:06","slug":"lavrov-y-kerry-discuten-sobre-la-organizacion-del-dialogo-inter-sirio","status":"publish","type":"post","link":"https:\/\/archive.sana.sy\/es\/?p=37546","title":{"rendered":"Lavrov y Kerry discuten sobre la organizaci\u00f3n del dialogo inter-sirio"},"content":{"rendered":"<p style=\"text-align: justify\"><span style=\"color: #800000\">Mosc\u00fa, SANA<\/span>&#8211; El Ministerio de Relaciones Exteriores ruso anunci\u00f3 que el ministro de Exteriores ruso, Sergei Lavrov, y su hom\u00f3logo norteamericano John Kerry, discutieron en una conversaci\u00f3n telef\u00f3nica sobre la organizaci\u00f3n del di\u00e1logo inter-sirio en Ginebra.<\/p>\n<p style=\"text-align: justify\">De acuerdo con un comunicado de la canciller\u00eda rusa, las conversaciones entre las dos partes se centraron en las cuestiones relativas a la organizaci\u00f3n del di\u00e1logo inter-sirio en la ciudad suiza de Ginebra con el fin de encontrar una soluci\u00f3n a la crisis en Siria.<\/p>\n<p style=\"text-align: justify\">Seg\u00fan el comunicado, Lavrov y Kerry se acordaron evaluar el curso del di\u00e1logo en Ginebra durante una nueva reuni\u00f3n del Grupo Internacional para Apoyar a Siria (GIAS), programado en M\u00fanich el 11 de febrero pr\u00f3ximo.<\/p>\n<p style=\"text-align: justify\">Seg\u00fan el Ministerio de Asuntos Exteriores de Rusia, ambas partes discutieron otras cuestiones internacionales urgentes, as\u00ed como cuestiones relacionadas con la agenda bilateral.<\/p>\n<p>M.Miri<\/p>\n","protected":false},"excerpt":{"rendered":"<p>Mosc\u00fa, SANA&#8211; El Ministerio de Relaciones Exteriores ruso anunci\u00f3 que el ministro de Exteriores ruso, Sergei Lavrov, y su hom\u00f3logo norteamericano John Kerry, discutieron en una conversaci\u00f3n telef\u00f3nica sobre la organizaci\u00f3n del di\u00e1logo inter-sirio en Ginebra. De acuerdo con un comunicado de la canciller\u00eda rusa, las conversaciones entre las dos partes se centraron en las &hellip;<\/p>\n","protected":false},"author":1,"featured_media":37547,"comment_status":"closed","ping_status":"closed","sticky":false,"template":"","format":"standard","meta":{"footnotes":""},"categories":[467,7541],"tags":[7900],"class_list":["post-37546","post","type-post","status-publish","format-standard","has-post-thumbnail","","category-siria-y-el-mundo","category-ultimas-noticias","tag-lavrov-y-kerry-discuten-sobre-la-organizacion-del-dialogo-inter-sirio"],"_links":{"self":[{"href":"https:\/\/archive.sana.sy\/es\/index.php?rest_route=\/wp\/v2\/posts\/37546"}],"collection":[{"href":"https:\/\/archive.sana.sy\/es\/index.php?rest_route=\/wp\/v2\/posts"}],"about":[{"href":"https:\/\/archive.sana.sy\/es\/index.php?rest_route=\/wp\/v2\/types\/post"}],"author":[{"embeddable":true,"href":"https:\/\/archive.sana.sy\/es\/index.php?rest_route=\/wp\/v2\/users\/1"}],"replies":[{"embeddable":true,"href":"https:\/\/archive.sana.sy\/es\/index.php?rest_route=%2Fwp%2Fv2%2Fcomments&post=37546"}],"version-history":[{"count":0,"href":"https:\/\/archive.sana.sy\/es\/index.php?rest_route=\/wp\/v2\/posts\/37546\/revisions"}],"wp:featuredmedia":[{"embeddable":true,"href":"https:\/\/archive.sana.sy\/es\/index.php?rest_route=\/wp\/v2\/media\/37547"}],"wp:attachment":[{"href":"https:\/\/archive.sana.sy\/es\/index.php?rest_route=%2Fwp%2Fv2%2Fmedia&parent=37546"}],"wp:term":[{"taxonomy":"category","embeddable":true,"href":"https:\/\/archive.sana.sy\/es\/index.php?rest_route=%2Fwp%2Fv2%2Fcategories&post=37546"},{"taxonomy":"post_tag","embeddable":true,"href":"https:\/\/archive.sana.sy\/es\/index.php?rest_route=%2Fwp%2Fv2%2Ftags&post=37546"}],"curies":[{"name":"wp","href":"https:\/\/api.w.org\/{rel}","templated":true}]}}