{"id":37553,"date":"2016-01-30T22:39:31","date_gmt":"2016-01-30T20:39:31","guid":{"rendered":"http:\/\/www.sana.sy\/es\/?p=37553"},"modified":"2016-01-30T22:42:09","modified_gmt":"2016-01-30T20:42:09","slug":"de-mistura-se-reunira-por-separado-con-cada-delegacion-en-ginebra-segun-gatilov","status":"publish","type":"post","link":"https:\/\/archive.sana.sy\/es\/?p=37553","title":{"rendered":"De Mistura se reunir\u00e1 por separado con cada delegaci\u00f3n en Ginebra, seg\u00fan Gatilov"},"content":{"rendered":"<p style=\"text-align: justify\"><span style=\"color: #800000\">Mosc\u00fa, SANA<\/span>&#8211; El Vicecanciller ruso, Gennady Gatilov, declar\u00f3 que no existe ninguna condici\u00f3n previa para el inicio del di\u00e1logo inter-sirio, haciendo hincapi\u00e9 en que la resoluci\u00f3n del Consejo de Seguridad de la ONU y los documentos de Viena no incluyen nada acerca de la necesidad de resolver las cuestiones humanitarias antes del inicio del di\u00e1logo a pesar de la importancia de este tema.<\/p>\n<p style=\"text-align: justify\">Gatilov en una conferencia de prensa, dio respondiendo a la pregunta sobre si Mosc\u00fa ejercer alg\u00fan tipo de influencia para resolver las cuestiones humanitarias, &#8220;Nosotros hacemos y seguimos haciendo este tipo de trabajo y hemos hablado en varias ocasiones sobre la necesidad de aliviar el sufrimiento de los sirios siempre y este trabajo da resultados positivos y eso lo saben los responsables de la ayuda humanitaria en las Naciones Unidas &#8220;, agregando que no se ha resuelto, por supuesto, todos los problemas, pero hay un cierto progreso en esta direcci\u00f3n. &#8220;<\/p>\n<p style=\"text-align: justify\">Gatilov a\u00f1adi\u00f3 que la parte rusa seguir\u00e1 trabajando sobre la invitaci\u00f3n al Partido de la Uni\u00f3n Democr\u00e1tica para participar en las pr\u00f3ximas rondas de di\u00e1logo inter-sirio, explicando que el enviado internacional para Siria, Staffan de Mistura, tom\u00f3 la decisi\u00f3n de esperar en invitar a los kurdos, pero dijo que &#8220;\u00e9l har\u00e1 lo que sea necesario para que participen en las pr\u00f3ximas rondas del di\u00e1logo lo antes posible\u201d.<\/p>\n<p style=\"text-align: justify\">El Vicecanciller ruso se\u00f1alo que no habr\u00e1 di\u00e1logo directo en Ginebra y que De Mistura se reunir\u00e1 por separado con cada delegaci\u00f3n.<\/p>\n<p>M.Miri<\/p>\n","protected":false},"excerpt":{"rendered":"<p>Mosc\u00fa, SANA&#8211; El Vicecanciller ruso, Gennady Gatilov, declar\u00f3 que no existe ninguna condici\u00f3n previa para el inicio del di\u00e1logo inter-sirio, haciendo hincapi\u00e9 en que la resoluci\u00f3n del Consejo de Seguridad de la ONU y los documentos de Viena no incluyen nada acerca de la necesidad de resolver las cuestiones humanitarias antes del inicio del di\u00e1logo &hellip;<\/p>\n","protected":false},"author":1,"featured_media":37554,"comment_status":"closed","ping_status":"closed","sticky":false,"template":"","format":"standard","meta":{"footnotes":""},"categories":[467,7541],"tags":[7902,7655],"class_list":["post-37553","post","type-post","status-publish","format-standard","has-post-thumbnail","","category-siria-y-el-mundo","category-ultimas-noticias","tag-de-mistura-se-reunira-por-separado-con-cada-delegacion-en-ginebra","tag-segun-gatilov"],"_links":{"self":[{"href":"https:\/\/archive.sana.sy\/es\/index.php?rest_route=\/wp\/v2\/posts\/37553"}],"collection":[{"href":"https:\/\/archive.sana.sy\/es\/index.php?rest_route=\/wp\/v2\/posts"}],"about":[{"href":"https:\/\/archive.sana.sy\/es\/index.php?rest_route=\/wp\/v2\/types\/post"}],"author":[{"embeddable":true,"href":"https:\/\/archive.sana.sy\/es\/index.php?rest_route=\/wp\/v2\/users\/1"}],"replies":[{"embeddable":true,"href":"https:\/\/archive.sana.sy\/es\/index.php?rest_route=%2Fwp%2Fv2%2Fcomments&post=37553"}],"version-history":[{"count":0,"href":"https:\/\/archive.sana.sy\/es\/index.php?rest_route=\/wp\/v2\/posts\/37553\/revisions"}],"wp:featuredmedia":[{"embeddable":true,"href":"https:\/\/archive.sana.sy\/es\/index.php?rest_route=\/wp\/v2\/media\/37554"}],"wp:attachment":[{"href":"https:\/\/archive.sana.sy\/es\/index.php?rest_route=%2Fwp%2Fv2%2Fmedia&parent=37553"}],"wp:term":[{"taxonomy":"category","embeddable":true,"href":"https:\/\/archive.sana.sy\/es\/index.php?rest_route=%2Fwp%2Fv2%2Fcategories&post=37553"},{"taxonomy":"post_tag","embeddable":true,"href":"https:\/\/archive.sana.sy\/es\/index.php?rest_route=%2Fwp%2Fv2%2Ftags&post=37553"}],"curies":[{"name":"wp","href":"https:\/\/api.w.org\/{rel}","templated":true}]}}