{"id":37557,"date":"2016-01-30T22:01:08","date_gmt":"2016-01-30T20:01:08","guid":{"rendered":"http:\/\/www.sana.sy\/es\/?p=37557"},"modified":"2016-01-30T22:01:08","modified_gmt":"2016-01-30T20:01:08","slug":"el-patriarca-yunnan-destaca-necesidad-de-eliminar-a-las-organizaciones-en-siria-e-irak","status":"publish","type":"post","link":"https:\/\/archive.sana.sy\/es\/?p=37557","title":{"rendered":"El Patriarca Yunnan destaca necesidad de eliminar a las organizaciones en Siria e Irak"},"content":{"rendered":"<p style=\"text-align: justify\"><span style=\"color: #800000\">Beirut, SANA<\/span>&#8211; El Patriarca de la Iglesia siro-cat\u00f3lica Su Beatitud Mar Ignacio Joseph Younan III, destac\u00f3 necesidad de eliminar a las organizaciones terroristas para restablecer la seguridad y la estabilidad en Siria e Irak.<\/p>\n<p style=\"text-align: justify\">En su reuni\u00f3n con 25 embajadores y diplom\u00e1ticos europeos en la sede de la Comisi\u00f3n Europea en Roma, El Patriarca inst\u00f3 a la unidad de Siria e Irak a la luz de los actos terroristas que estan sufriendo ambos pa\u00edses.<\/p>\n<p style=\"text-align: justify\">Patriarca Younan tambi\u00e9n hizo hincapi\u00e9 en la necesidad de promover la convivencia entre los libaneses, llamando a la elecci\u00f3n de un presidente para el L\u00edbano \u201ctan pronto como sea posible\u201d.<\/p>\n<p style=\"text-align: justify\">Es de se\u00f1alar que el Patriarca Yunnan comenz\u00f3 una visita a Italia el 25 de este mes.<\/p>\n<p>M.Miri<\/p>\n","protected":false},"excerpt":{"rendered":"<p>Beirut, SANA&#8211; El Patriarca de la Iglesia siro-cat\u00f3lica Su Beatitud Mar Ignacio Joseph Younan III, destac\u00f3 necesidad de eliminar a las organizaciones terroristas para restablecer la seguridad y la estabilidad en Siria e Irak. En su reuni\u00f3n con 25 embajadores y diplom\u00e1ticos europeos en la sede de la Comisi\u00f3n Europea en Roma, El Patriarca inst\u00f3 &hellip;<\/p>\n","protected":false},"author":1,"featured_media":37558,"comment_status":"closed","ping_status":"closed","sticky":false,"template":"","format":"standard","meta":{"footnotes":""},"categories":[467,7541],"tags":[7903],"class_list":["post-37557","post","type-post","status-publish","format-standard","has-post-thumbnail","","category-siria-y-el-mundo","category-ultimas-noticias","tag-el-patriarca-yunnan-destaca-necesidad-de-eliminar-a-las-organizaciones-en-siria-e-irak"],"_links":{"self":[{"href":"https:\/\/archive.sana.sy\/es\/index.php?rest_route=\/wp\/v2\/posts\/37557"}],"collection":[{"href":"https:\/\/archive.sana.sy\/es\/index.php?rest_route=\/wp\/v2\/posts"}],"about":[{"href":"https:\/\/archive.sana.sy\/es\/index.php?rest_route=\/wp\/v2\/types\/post"}],"author":[{"embeddable":true,"href":"https:\/\/archive.sana.sy\/es\/index.php?rest_route=\/wp\/v2\/users\/1"}],"replies":[{"embeddable":true,"href":"https:\/\/archive.sana.sy\/es\/index.php?rest_route=%2Fwp%2Fv2%2Fcomments&post=37557"}],"version-history":[{"count":0,"href":"https:\/\/archive.sana.sy\/es\/index.php?rest_route=\/wp\/v2\/posts\/37557\/revisions"}],"wp:featuredmedia":[{"embeddable":true,"href":"https:\/\/archive.sana.sy\/es\/index.php?rest_route=\/wp\/v2\/media\/37558"}],"wp:attachment":[{"href":"https:\/\/archive.sana.sy\/es\/index.php?rest_route=%2Fwp%2Fv2%2Fmedia&parent=37557"}],"wp:term":[{"taxonomy":"category","embeddable":true,"href":"https:\/\/archive.sana.sy\/es\/index.php?rest_route=%2Fwp%2Fv2%2Fcategories&post=37557"},{"taxonomy":"post_tag","embeddable":true,"href":"https:\/\/archive.sana.sy\/es\/index.php?rest_route=%2Fwp%2Fv2%2Ftags&post=37557"}],"curies":[{"name":"wp","href":"https:\/\/api.w.org\/{rel}","templated":true}]}}