{"id":37560,"date":"2016-01-30T22:41:38","date_gmt":"2016-01-30T20:41:38","guid":{"rendered":"http:\/\/www.sana.sy\/es\/?p=37560"},"modified":"2016-01-30T22:45:03","modified_gmt":"2016-01-30T20:45:03","slug":"moscu-desmiente-una-violacion-del-espacio-aereo-turco-por-un-avion-militar-ruso","status":"publish","type":"post","link":"https:\/\/archive.sana.sy\/es\/?p=37560","title":{"rendered":"Mosc\u00fa desmiente una violaci\u00f3n del espacio a\u00e9reo turco por un avi\u00f3n militar ruso"},"content":{"rendered":"<p style=\"text-align: justify\"><span style=\"color: #800000\">Mosc\u00fa, SANA<\/span>&#8211; El Ministerio de Defensa de Rusia ha desmentido la denuncia de Turqu\u00eda sobre una nueva violaci\u00f3n, este s\u00e1bado, de su espacio a\u00e9reo por un avi\u00f3n militar ruso y la calific\u00f3 de \u00abpropaganda sin fundamento\u00bb.<\/p>\n<p style=\"text-align: justify\">\u00abNo ha habido ninguna violaci\u00f3n del espacio a\u00e9reo turco por aviones del grupo a\u00e9reo ruso en Siria. Las declaraciones de la parte turca sobre la supuesta infracci\u00f3n del espacio a\u00e9reo por un avi\u00f3n ruso Su-34 es propaganda sin fundamento\u00bb, seg\u00fan declar\u00f3 el portavoz del Ministerio de Defensa, Igor Konashenkov.<\/p>\n<p style=\"text-align: justify\">Este incidente tiene lugar en un momento en que las relaciones entre ambos pa\u00edses son inexistentes tras el derribo a finales del a\u00f1o pasado de un avi\u00f3n de combate (Su-34) ruso por Turqu\u00eda.<\/p>\n<p>M.Miri<\/p>\n","protected":false},"excerpt":{"rendered":"<p>Mosc\u00fa, SANA&#8211; El Ministerio de Defensa de Rusia ha desmentido la denuncia de Turqu\u00eda sobre una nueva violaci\u00f3n, este s\u00e1bado, de su espacio a\u00e9reo por un avi\u00f3n militar ruso y la calific\u00f3 de \u00abpropaganda sin fundamento\u00bb. \u00abNo ha habido ninguna violaci\u00f3n del espacio a\u00e9reo turco por aviones del grupo a\u00e9reo ruso en Siria. Las declaraciones &hellip;<\/p>\n","protected":false},"author":1,"featured_media":37564,"comment_status":"closed","ping_status":"closed","sticky":false,"template":"","format":"standard","meta":{"footnotes":""},"categories":[456,457,7541],"tags":[7904],"class_list":["post-37560","post","type-post","status-publish","format-standard","has-post-thumbnail","","category-arabe-internacional-politica","category-noticias-arabe-internacional-politica","category-ultimas-noticias","tag-moscu-desmiente-una-violacion-del-espacio-aereo-turco-por-un-avion-militar-ruso"],"_links":{"self":[{"href":"https:\/\/archive.sana.sy\/es\/index.php?rest_route=\/wp\/v2\/posts\/37560"}],"collection":[{"href":"https:\/\/archive.sana.sy\/es\/index.php?rest_route=\/wp\/v2\/posts"}],"about":[{"href":"https:\/\/archive.sana.sy\/es\/index.php?rest_route=\/wp\/v2\/types\/post"}],"author":[{"embeddable":true,"href":"https:\/\/archive.sana.sy\/es\/index.php?rest_route=\/wp\/v2\/users\/1"}],"replies":[{"embeddable":true,"href":"https:\/\/archive.sana.sy\/es\/index.php?rest_route=%2Fwp%2Fv2%2Fcomments&post=37560"}],"version-history":[{"count":0,"href":"https:\/\/archive.sana.sy\/es\/index.php?rest_route=\/wp\/v2\/posts\/37560\/revisions"}],"wp:featuredmedia":[{"embeddable":true,"href":"https:\/\/archive.sana.sy\/es\/index.php?rest_route=\/wp\/v2\/media\/37564"}],"wp:attachment":[{"href":"https:\/\/archive.sana.sy\/es\/index.php?rest_route=%2Fwp%2Fv2%2Fmedia&parent=37560"}],"wp:term":[{"taxonomy":"category","embeddable":true,"href":"https:\/\/archive.sana.sy\/es\/index.php?rest_route=%2Fwp%2Fv2%2Fcategories&post=37560"},{"taxonomy":"post_tag","embeddable":true,"href":"https:\/\/archive.sana.sy\/es\/index.php?rest_route=%2Fwp%2Fv2%2Ftags&post=37560"}],"curies":[{"name":"wp","href":"https:\/\/api.w.org\/{rel}","templated":true}]}}