{"id":37581,"date":"2016-01-31T14:06:51","date_gmt":"2016-01-31T12:06:51","guid":{"rendered":"http:\/\/www.sana.sy\/es\/?p=37581"},"modified":"2016-01-31T14:06:51","modified_gmt":"2016-01-31T12:06:51","slug":"la-portavoz-de-di-mistura-la-delegacion-opositora-de-riad-no-nos-comunico-ningunas-precondiciones-para-participar-en-el-dialogo","status":"publish","type":"post","link":"https:\/\/archive.sana.sy\/es\/?p=37581","title":{"rendered":"La portavoz de Di Mistura: la delegaci\u00f3n opositora de Riad no nos comunic\u00f3 ningunas precondiciones para participar en el di\u00e1logo"},"content":{"rendered":"<p><span style=\"color: #800000\">Ginebra, SANA<\/span><\/p>\n<p>Khaula Mattar, la vocera del delegado especial del secretario general de Naciones Unidas para Siria, Staffan Di Mistura anunci\u00f3 que la delegaci\u00f3n de la oposici\u00f3n de Riad no ha fijado ningunas condiciones previas para participar en el di\u00e1logo inter-sirio en Ginebra.<\/p>\n<p>En declaraciones para la agencia rusa TASS, Mattar dijo que la delegaci\u00f3n de la oposici\u00f3n apoyada por Riad no ha comunicado a la Oficina del enviado especial Staffan Di Mistura de que podr\u00eda marcharse de Ginebra en caso de no ver cumplidas sus reclamos.<br \/>\nEs de se\u00f1alar que miembros de la delegaci\u00f3n opositora de Riad amenazaron con retirarse del di\u00e1logo de Ginebra a pocas horas de su llegada en un avi\u00f3n saudita si no se cumplen algunas \u201cdemandas y requisitos\u201d.<\/p>\n<p>Cabe destacar que el ministro de Informaci\u00f3n Omr\u00e1n al-Zoabi afirm\u00f3 que la delegaci\u00f3n opositora de Riad no obtuvo garant\u00edas de nadie previamente se\u00f1alando que si Arabia Saudita y Turqu\u00eda hayan dado tales garant\u00edas entonces se estar\u00edan burlando de su delegaci\u00f3n.<\/p>\n<p>Por su parte el canciller ruso Guinadi Gatilov declar\u00f3 que no existen precondiciones para comenzar el di\u00e1logo inter-sirio en la resoluci\u00f3n del Consejo de Seguridad No. 2254 ni en ninguna de las dos declaraciones del Grupo Internacional para Siria a ra\u00edz de sus reuniones en Viena.<\/p>\n<p>&nbsp;<\/p>\n<p>&nbsp;<\/p>\n<p>Riyad Sh., Lynn A.<\/p>\n","protected":false},"excerpt":{"rendered":"<p>Ginebra, SANA Khaula Mattar, la vocera del delegado especial del secretario general de Naciones Unidas para Siria, Staffan Di Mistura anunci\u00f3 que la delegaci\u00f3n de la oposici\u00f3n de Riad no ha fijado ningunas condiciones previas para participar en el di\u00e1logo inter-sirio en Ginebra. En declaraciones para la agencia rusa TASS, Mattar dijo que la delegaci\u00f3n &hellip;<\/p>\n","protected":false},"author":24,"featured_media":36988,"comment_status":"closed","ping_status":"closed","sticky":false,"template":"","format":"standard","meta":{"footnotes":""},"categories":[597,467,7541],"tags":[],"class_list":["post-37581","post","type-post","status-publish","format-standard","has-post-thumbnail","","category-cinta-de-noticias","category-siria-y-el-mundo","category-ultimas-noticias"],"_links":{"self":[{"href":"https:\/\/archive.sana.sy\/es\/index.php?rest_route=\/wp\/v2\/posts\/37581"}],"collection":[{"href":"https:\/\/archive.sana.sy\/es\/index.php?rest_route=\/wp\/v2\/posts"}],"about":[{"href":"https:\/\/archive.sana.sy\/es\/index.php?rest_route=\/wp\/v2\/types\/post"}],"author":[{"embeddable":true,"href":"https:\/\/archive.sana.sy\/es\/index.php?rest_route=\/wp\/v2\/users\/24"}],"replies":[{"embeddable":true,"href":"https:\/\/archive.sana.sy\/es\/index.php?rest_route=%2Fwp%2Fv2%2Fcomments&post=37581"}],"version-history":[{"count":0,"href":"https:\/\/archive.sana.sy\/es\/index.php?rest_route=\/wp\/v2\/posts\/37581\/revisions"}],"wp:featuredmedia":[{"embeddable":true,"href":"https:\/\/archive.sana.sy\/es\/index.php?rest_route=\/wp\/v2\/media\/36988"}],"wp:attachment":[{"href":"https:\/\/archive.sana.sy\/es\/index.php?rest_route=%2Fwp%2Fv2%2Fmedia&parent=37581"}],"wp:term":[{"taxonomy":"category","embeddable":true,"href":"https:\/\/archive.sana.sy\/es\/index.php?rest_route=%2Fwp%2Fv2%2Fcategories&post=37581"},{"taxonomy":"post_tag","embeddable":true,"href":"https:\/\/archive.sana.sy\/es\/index.php?rest_route=%2Fwp%2Fv2%2Ftags&post=37581"}],"curies":[{"name":"wp","href":"https:\/\/api.w.org\/{rel}","templated":true}]}}