{"id":37607,"date":"2016-01-31T17:28:51","date_gmt":"2016-01-31T15:28:51","guid":{"rendered":"http:\/\/www.sana.sy\/es\/?p=37607"},"modified":"2016-02-01T21:26:42","modified_gmt":"2016-02-01T19:26:42","slug":"cancilleria-siria-los-atentados-terroristas-contra-assaida-zainab-son-un-intento-para-obstaculizar-el-lanzamiento-del-dialogo-intersirio","status":"publish","type":"post","link":"https:\/\/archive.sana.sy\/es\/?p=37607","title":{"rendered":"Canciller\u00eda siria: los atentados terroristas contra Assaida Zainab son un intento para obstaculizar el lanzamiento del di\u00e1logo intersirio"},"content":{"rendered":"<p><strong><span style=\"color: #800000\">Damasco, SANA<\/span><\/strong><\/p>\n<p><strong>La Canciller\u00eda dirigi\u00f3 este domingo cartas a la ONU y al Consejo de Seguridad Internacional acerca de los tres atentados terroristas que sacudieron este domingo la localidad de Assaida Zainab en Damasco-campo, los cuales dejaron 50 muertos y 105 heridos, adem\u00e1s de provocar significativos da\u00f1os materiales.<\/strong><\/p>\n<p><strong>La Canciller\u00eda denunci\u00f3 en las misivas que el triple atentado terrorista va en el marco de las pretensiones de las organizaciones terroristas apoyadas por los gobiernos de Turqu\u00eda, Arabia Saudita y Qatar, para obstaculizar los esfuerzos que se desarrollan actualmente con el fin de lanzar un di\u00e1logo sirio-sirio.<\/strong><\/p>\n<p><strong>\u00a8Lo que llama la atenci\u00f3n es que los autores de los atentados terroristas anunciaron en un comunicado que las explosiones tienen como objetivo apoyar a la delegaci\u00f3n opositora de Riad en sus conversaciones con la delegaci\u00f3n del gobierno sirio\u00a8, denunciaron las cartas.<\/strong><\/p>\n<p><strong>La canciller\u00eda inst\u00f3 al consejo de seguridad a tomar medidas disuasivas contra los estados que apoyan el terrorismo as\u00ed como alejarse de la politizaci\u00f3n y el doble rasero a la hora de abordar cuestiones relacionadas con los esfuerzos encaminados a combatir el terrorismo.<\/strong><\/p>\n<p><strong>Asimismo llam\u00f3 al Secretario General de la ONU y al Consejo de Seguridad a condenar los atentados terroristas que apuntan contra la poblaci\u00f3n civil.<\/strong><\/p>\n<p>&nbsp;<\/p>\n<p><strong>Lynn A.-Y.K.<\/strong><\/p>\n","protected":false},"excerpt":{"rendered":"<p>Damasco, SANA La Canciller\u00eda dirigi\u00f3 este domingo cartas a la ONU y al Consejo de Seguridad Internacional acerca de los tres atentados terroristas que sacudieron este domingo la localidad de Assaida Zainab en Damasco-campo, los cuales dejaron 50 muertos y 105 heridos, adem\u00e1s de provocar significativos da\u00f1os materiales. La Canciller\u00eda denunci\u00f3 en las misivas que &hellip;<\/p>\n","protected":false},"author":24,"featured_media":35062,"comment_status":"closed","ping_status":"closed","sticky":false,"template":"","format":"standard","meta":{"footnotes":""},"categories":[477,597,476,7541],"tags":[],"class_list":["post-37607","post","type-post","status-publish","format-standard","has-post-thumbnail","","category-noticias-edulcorantes","category-cinta-de-noticias","category-locales","category-ultimas-noticias"],"_links":{"self":[{"href":"https:\/\/archive.sana.sy\/es\/index.php?rest_route=\/wp\/v2\/posts\/37607"}],"collection":[{"href":"https:\/\/archive.sana.sy\/es\/index.php?rest_route=\/wp\/v2\/posts"}],"about":[{"href":"https:\/\/archive.sana.sy\/es\/index.php?rest_route=\/wp\/v2\/types\/post"}],"author":[{"embeddable":true,"href":"https:\/\/archive.sana.sy\/es\/index.php?rest_route=\/wp\/v2\/users\/24"}],"replies":[{"embeddable":true,"href":"https:\/\/archive.sana.sy\/es\/index.php?rest_route=%2Fwp%2Fv2%2Fcomments&post=37607"}],"version-history":[{"count":0,"href":"https:\/\/archive.sana.sy\/es\/index.php?rest_route=\/wp\/v2\/posts\/37607\/revisions"}],"wp:featuredmedia":[{"embeddable":true,"href":"https:\/\/archive.sana.sy\/es\/index.php?rest_route=\/wp\/v2\/media\/35062"}],"wp:attachment":[{"href":"https:\/\/archive.sana.sy\/es\/index.php?rest_route=%2Fwp%2Fv2%2Fmedia&parent=37607"}],"wp:term":[{"taxonomy":"category","embeddable":true,"href":"https:\/\/archive.sana.sy\/es\/index.php?rest_route=%2Fwp%2Fv2%2Fcategories&post=37607"},{"taxonomy":"post_tag","embeddable":true,"href":"https:\/\/archive.sana.sy\/es\/index.php?rest_route=%2Fwp%2Fv2%2Ftags&post=37607"}],"curies":[{"name":"wp","href":"https:\/\/api.w.org\/{rel}","templated":true}]}}