{"id":37619,"date":"2016-01-31T18:43:13","date_gmt":"2016-01-31T16:43:13","guid":{"rendered":"http:\/\/www.sana.sy\/es\/?p=37619"},"modified":"2016-01-31T20:53:46","modified_gmt":"2016-01-31T18:53:46","slug":"de-mistura-la-celebracion-del-dialogo-sirio-sirio-es-una-oportunidad-historica-que-no-debe-desperdiciarse","status":"publish","type":"post","link":"https:\/\/archive.sana.sy\/es\/?p=37619","title":{"rendered":"De Mistura: La celebraci\u00f3n del dialogo sirio-sirio es una oportunidad hist\u00f3rica que no debe desperdiciarse"},"content":{"rendered":"<p><strong>Ginebra-SANA<\/strong><\/p>\n<p><strong>El enviado especial de la ONU a Siria, Staffan\u00a0De Mistura, se manifest\u00f3 optimista y determinado a continuar con el dialogo intra-sirio en Ginebra y<\/strong><\/p>\n<p><strong>De Misturas dijo en declaraciones a la prensa tras una reuni\u00f3n con la delegaci\u00f3n opositora de Riad que \u00e9l se siente optimista y determinado, \u00a8porque es una ocasi\u00f3n hist\u00f3rica que no debe desperdiciarse\u00a8.<\/strong><\/p>\n<p><strong>Yamil K.<\/strong><\/p>\n","protected":false},"excerpt":{"rendered":"<p>Ginebra-SANA El enviado especial de la ONU a Siria, Staffan\u00a0De Mistura, se manifest\u00f3 optimista y determinado a continuar con el dialogo intra-sirio en Ginebra y De Misturas dijo en declaraciones a la prensa tras una reuni\u00f3n con la delegaci\u00f3n opositora de Riad que \u00e9l se siente optimista y determinado, \u00a8porque es una ocasi\u00f3n hist\u00f3rica que &hellip;<\/p>\n","protected":false},"author":1,"featured_media":37620,"comment_status":"closed","ping_status":"closed","sticky":false,"template":"","format":"standard","meta":{"footnotes":""},"categories":[456,457,576,7541],"tags":[],"class_list":["post-37619","post","type-post","status-publish","format-standard","has-post-thumbnail","","category-arabe-internacional-politica","category-noticias-arabe-internacional-politica","category-noticias-politicas","category-ultimas-noticias"],"_links":{"self":[{"href":"https:\/\/archive.sana.sy\/es\/index.php?rest_route=\/wp\/v2\/posts\/37619"}],"collection":[{"href":"https:\/\/archive.sana.sy\/es\/index.php?rest_route=\/wp\/v2\/posts"}],"about":[{"href":"https:\/\/archive.sana.sy\/es\/index.php?rest_route=\/wp\/v2\/types\/post"}],"author":[{"embeddable":true,"href":"https:\/\/archive.sana.sy\/es\/index.php?rest_route=\/wp\/v2\/users\/1"}],"replies":[{"embeddable":true,"href":"https:\/\/archive.sana.sy\/es\/index.php?rest_route=%2Fwp%2Fv2%2Fcomments&post=37619"}],"version-history":[{"count":0,"href":"https:\/\/archive.sana.sy\/es\/index.php?rest_route=\/wp\/v2\/posts\/37619\/revisions"}],"wp:featuredmedia":[{"embeddable":true,"href":"https:\/\/archive.sana.sy\/es\/index.php?rest_route=\/wp\/v2\/media\/37620"}],"wp:attachment":[{"href":"https:\/\/archive.sana.sy\/es\/index.php?rest_route=%2Fwp%2Fv2%2Fmedia&parent=37619"}],"wp:term":[{"taxonomy":"category","embeddable":true,"href":"https:\/\/archive.sana.sy\/es\/index.php?rest_route=%2Fwp%2Fv2%2Fcategories&post=37619"},{"taxonomy":"post_tag","embeddable":true,"href":"https:\/\/archive.sana.sy\/es\/index.php?rest_route=%2Fwp%2Fv2%2Ftags&post=37619"}],"curies":[{"name":"wp","href":"https:\/\/api.w.org\/{rel}","templated":true}]}}