{"id":37626,"date":"2016-01-31T20:17:57","date_gmt":"2016-01-31T18:17:57","guid":{"rendered":"http:\/\/www.sana.sy\/es\/?p=37626"},"modified":"2016-01-31T20:17:57","modified_gmt":"2016-01-31T18:17:57","slug":"mogherini-las-explosiones-en-siria-destinada-a-interrumpir-las-conversaciones-de-paz","status":"publish","type":"post","link":"https:\/\/archive.sana.sy\/es\/?p=37626","title":{"rendered":"Mogherini: Las explosiones en Siria destinada a interrumpir las conversaciones de paz"},"content":{"rendered":"<p>Bruselas-SANA<\/p>\n<p>El jefe de pol\u00edtica exterior de la Uni\u00f3n Europea Federica Mogherini dijo el domingo que los atentados terroristas que tuvieron lugar hoy en Sayeda Zeinab en Damasco-campo tiene como objetivo interrumpir el dialogo entre los sirios en Ginebra.<\/p>\n<p>&#8220;El ataque que acaeci\u00f3 en Sayeda Zeinab est\u00e1 claramente dirigido a perturbar los intentos para iniciar un proceso pol\u00edtico para solventar la crisi de Siria&#8221;, agreg\u00f3.<\/p>\n<p>Se\u00f1al\u00f3 que la presencia de los miembros de las delegaciones del gobierno sirio y de la oposici\u00f3n en Ginebra para las negociaciones es muy alentadora.<\/p>\n<p>Yamil K.<\/p>\n","protected":false},"excerpt":{"rendered":"<p>Bruselas-SANA El jefe de pol\u00edtica exterior de la Uni\u00f3n Europea Federica Mogherini dijo el domingo que los atentados terroristas que tuvieron lugar hoy en Sayeda Zeinab en Damasco-campo tiene como objetivo interrumpir el dialogo entre los sirios en Ginebra. &#8220;El ataque que acaeci\u00f3 en Sayeda Zeinab est\u00e1 claramente dirigido a perturbar los intentos para iniciar &hellip;<\/p>\n","protected":false},"author":1,"featured_media":37627,"comment_status":"closed","ping_status":"closed","sticky":false,"template":"","format":"standard","meta":{"footnotes":""},"categories":[456,457,576,7541],"tags":[],"class_list":["post-37626","post","type-post","status-publish","format-standard","has-post-thumbnail","","category-arabe-internacional-politica","category-noticias-arabe-internacional-politica","category-noticias-politicas","category-ultimas-noticias"],"_links":{"self":[{"href":"https:\/\/archive.sana.sy\/es\/index.php?rest_route=\/wp\/v2\/posts\/37626"}],"collection":[{"href":"https:\/\/archive.sana.sy\/es\/index.php?rest_route=\/wp\/v2\/posts"}],"about":[{"href":"https:\/\/archive.sana.sy\/es\/index.php?rest_route=\/wp\/v2\/types\/post"}],"author":[{"embeddable":true,"href":"https:\/\/archive.sana.sy\/es\/index.php?rest_route=\/wp\/v2\/users\/1"}],"replies":[{"embeddable":true,"href":"https:\/\/archive.sana.sy\/es\/index.php?rest_route=%2Fwp%2Fv2%2Fcomments&post=37626"}],"version-history":[{"count":0,"href":"https:\/\/archive.sana.sy\/es\/index.php?rest_route=\/wp\/v2\/posts\/37626\/revisions"}],"wp:featuredmedia":[{"embeddable":true,"href":"https:\/\/archive.sana.sy\/es\/index.php?rest_route=\/wp\/v2\/media\/37627"}],"wp:attachment":[{"href":"https:\/\/archive.sana.sy\/es\/index.php?rest_route=%2Fwp%2Fv2%2Fmedia&parent=37626"}],"wp:term":[{"taxonomy":"category","embeddable":true,"href":"https:\/\/archive.sana.sy\/es\/index.php?rest_route=%2Fwp%2Fv2%2Fcategories&post=37626"},{"taxonomy":"post_tag","embeddable":true,"href":"https:\/\/archive.sana.sy\/es\/index.php?rest_route=%2Fwp%2Fv2%2Ftags&post=37626"}],"curies":[{"name":"wp","href":"https:\/\/api.w.org\/{rel}","templated":true}]}}