{"id":37631,"date":"2016-01-31T20:59:51","date_gmt":"2016-01-31T18:59:51","guid":{"rendered":"http:\/\/www.sana.sy\/es\/?p=37631"},"modified":"2016-01-31T20:59:51","modified_gmt":"2016-01-31T18:59:51","slug":"iran-advierte-de-la-presencia-de-terroristas-en-dialogos-sirios","status":"publish","type":"post","link":"https:\/\/archive.sana.sy\/es\/?p=37631","title":{"rendered":"Ir\u00e1n advierte de la presencia de terroristas en di\u00e1logos sirios"},"content":{"rendered":"<p>Teher\u00e1n-SANA<\/p>\n<p>El vicecanciller iran\u00ed para Asuntos \u00c1rabes y Africanos, Husein Amir Abdolahian, ha pedido al enviado especial de la ONU a Siria Staffan De Mistura a tener cuidado de no permitir la participaci\u00f3n de terroristas en el dialogo intra-sirio en Ginebra con un nueva cara, ya que podr\u00edan hacer explotar la mesa de di\u00e1logos.<\/p>\n<p>Durante una conversaci\u00f3n telef\u00f3nica con Staffan de Mistura, enviado especial de la Organizaci\u00f3n de las Naciones Unidas a Siria, el vicecanciller iran\u00ed ha reiterado que los terroristas no tienen cabida en el futuro del pa\u00eds \u00e1rabe puesto que \u201cel futuro pol\u00edtico de este pa\u00eds solo le corresponde al pueblo sirio\u201d.<\/p>\n<p>De igual modo ha renovado el apoyo de su pa\u00eds al dialogo intra-sirio en Ginebra y destacado la necesidad de aferrarse a la soluci\u00f3n pol\u00edtica a la crisis siria.<\/p>\n<p>Por su parte De Mistura dijo que las conversaciones de Ginegra se centrar\u00e1n en el comienzo del proceso pol\u00edtico, el cese al fuego, las cuestiones humanitarias y la lucha contra el terrorismo.<\/p>\n<p>Yamil K.<\/p>\n","protected":false},"excerpt":{"rendered":"<p>Teher\u00e1n-SANA El vicecanciller iran\u00ed para Asuntos \u00c1rabes y Africanos, Husein Amir Abdolahian, ha pedido al enviado especial de la ONU a Siria Staffan De Mistura a tener cuidado de no permitir la participaci\u00f3n de terroristas en el dialogo intra-sirio en Ginebra con un nueva cara, ya que podr\u00edan hacer explotar la mesa de di\u00e1logos. Durante &hellip;<\/p>\n","protected":false},"author":1,"featured_media":17500,"comment_status":"closed","ping_status":"closed","sticky":false,"template":"","format":"standard","meta":{"footnotes":""},"categories":[456,457,576,7541],"tags":[],"class_list":["post-37631","post","type-post","status-publish","format-standard","has-post-thumbnail","","category-arabe-internacional-politica","category-noticias-arabe-internacional-politica","category-noticias-politicas","category-ultimas-noticias"],"_links":{"self":[{"href":"https:\/\/archive.sana.sy\/es\/index.php?rest_route=\/wp\/v2\/posts\/37631"}],"collection":[{"href":"https:\/\/archive.sana.sy\/es\/index.php?rest_route=\/wp\/v2\/posts"}],"about":[{"href":"https:\/\/archive.sana.sy\/es\/index.php?rest_route=\/wp\/v2\/types\/post"}],"author":[{"embeddable":true,"href":"https:\/\/archive.sana.sy\/es\/index.php?rest_route=\/wp\/v2\/users\/1"}],"replies":[{"embeddable":true,"href":"https:\/\/archive.sana.sy\/es\/index.php?rest_route=%2Fwp%2Fv2%2Fcomments&post=37631"}],"version-history":[{"count":0,"href":"https:\/\/archive.sana.sy\/es\/index.php?rest_route=\/wp\/v2\/posts\/37631\/revisions"}],"wp:featuredmedia":[{"embeddable":true,"href":"https:\/\/archive.sana.sy\/es\/index.php?rest_route=\/wp\/v2\/media\/17500"}],"wp:attachment":[{"href":"https:\/\/archive.sana.sy\/es\/index.php?rest_route=%2Fwp%2Fv2%2Fmedia&parent=37631"}],"wp:term":[{"taxonomy":"category","embeddable":true,"href":"https:\/\/archive.sana.sy\/es\/index.php?rest_route=%2Fwp%2Fv2%2Fcategories&post=37631"},{"taxonomy":"post_tag","embeddable":true,"href":"https:\/\/archive.sana.sy\/es\/index.php?rest_route=%2Fwp%2Fv2%2Ftags&post=37631"}],"curies":[{"name":"wp","href":"https:\/\/api.w.org\/{rel}","templated":true}]}}